{"id":4155,"date":"2016-11-23T14:01:15","date_gmt":"2016-11-23T12:01:15","guid":{"rendered":"http:\/\/landscape-festival.cz\/?p=4155"},"modified":"2016-11-23T15:04:29","modified_gmt":"2016-11-23T13:04:29","slug":"place-for-a-statue","status":"publish","type":"post","link":"http:\/\/www.landscape-festival.cz\/old\/en\/place-for-a-statue\/","title":{"rendered":"Place for a statue"},"content":{"rendered":"<h5>10\/6\u00a0\u2013 30\/9<br \/>\nn\u00e1m\u011bst\u00ed Republiky<\/h5>\n<hr \/>\n<p>The city advertising column is transformed in a pedestal for contemporary art. The shopping mall Breda &amp; Wenstein (1927-1928) by architect Leopold Baure is an example of an interesting artistic solution of an object with a commertial purpose. Nowadays, it is neighbouring a banal city advertising column. The author understand this column as a challenge to an intervention to the public space and a promotion as a place for a statue. Can a advertising eye-catcher change when it becomes a pedestal for a statue?<\/p>\n<hr \/>\n\n\t\t<style type=\"text\/css\">\n\t\t\t#gallery-1 {\n\t\t\t\tmargin: auto;\n\t\t\t}\n\t\t\t#gallery-1 .gallery-item {\n\t\t\t\tfloat: left;\n\t\t\t\tmargin-top: 10px;\n\t\t\t\ttext-align: center;\n\t\t\t\twidth: 20%;\n\t\t\t}\n\t\t\t#gallery-1 img {\n\t\t\t\tborder: 2px solid #cfcfcf;\n\t\t\t}\n\t\t\t#gallery-1 .gallery-caption {\n\t\t\t\tmargin-left: 0;\n\t\t\t}\n\t\t\t\/* see gallery_shortcode() in wp-includes\/media.php *\/\n\t\t<\/style>\n\t\t<div id='gallery-1' class='gallery galleryid-4155 gallery-columns-5 gallery-size-thumbnail'><dl class='gallery-item'>\n\t\t\t<dt class='gallery-icon portrait'>\n\t\t\t\t<a href='https:\/\/www.landscape-festival.cz\/old\/wp-content\/uploads\/2016\/11\/8030.jpg'><img loading=\"lazy\" decoding=\"async\" width=\"150\" height=\"150\" src=\"https:\/\/www.landscape-festival.cz\/old\/wp-content\/uploads\/2016\/11\/8030-150x150.jpg\" class=\"attachment-thumbnail size-thumbnail\" alt=\"\" \/><\/a>\n\t\t\t<\/dt><\/dl><dl class='gallery-item'>\n\t\t\t<dt class='gallery-icon portrait'>\n\t\t\t\t<a href='https:\/\/www.landscape-festival.cz\/old\/wp-content\/uploads\/2016\/11\/1.jpg'><img loading=\"lazy\" decoding=\"async\" width=\"150\" height=\"150\" src=\"https:\/\/www.landscape-festival.cz\/old\/wp-content\/uploads\/2016\/11\/1-150x150.jpg\" class=\"attachment-thumbnail size-thumbnail\" alt=\"\" \/><\/a>\n\t\t\t<\/dt><\/dl><dl class='gallery-item'>\n\t\t\t<dt class='gallery-icon landscape'>\n\t\t\t\t<a href='https:\/\/www.landscape-festival.cz\/old\/wp-content\/uploads\/2016\/11\/13317043_10208688351953759_2812854468066340677_o.jpg'><img loading=\"lazy\" decoding=\"async\" width=\"150\" height=\"150\" src=\"https:\/\/www.landscape-festival.cz\/old\/wp-content\/uploads\/2016\/11\/13317043_10208688351953759_2812854468066340677_o-150x150.jpg\" class=\"attachment-thumbnail size-thumbnail\" alt=\"\" \/><\/a>\n\t\t\t<\/dt><\/dl><dl class='gallery-item'>\n\t\t\t<dt class='gallery-icon landscape'>\n\t\t\t\t<a href='https:\/\/www.landscape-festival.cz\/old\/wp-content\/uploads\/2016\/11\/8136.jpg'><img loading=\"lazy\" decoding=\"async\" width=\"150\" height=\"150\" src=\"https:\/\/www.landscape-festival.cz\/old\/wp-content\/uploads\/2016\/11\/8136-150x150.jpg\" class=\"attachment-thumbnail size-thumbnail\" alt=\"\" srcset=\"https:\/\/www.landscape-festival.cz\/old\/wp-content\/uploads\/2016\/11\/8136-150x150.jpg 150w, https:\/\/www.landscape-festival.cz\/old\/wp-content\/uploads\/2016\/11\/8136-300x300.jpg 300w, https:\/\/www.landscape-festival.cz\/old\/wp-content\/uploads\/2016\/11\/8136-768x768.jpg 768w, https:\/\/www.landscape-festival.cz\/old\/wp-content\/uploads\/2016\/11\/8136-1024x1024.jpg 1024w, https:\/\/www.landscape-festival.cz\/old\/wp-content\/uploads\/2016\/11\/8136.jpg 1181w\" sizes=\"auto, (max-width: 150px) 100vw, 150px\" \/><\/a>\n\t\t\t<\/dt><\/dl><dl class='gallery-item'>\n\t\t\t<dt class='gallery-icon landscape'>\n\t\t\t\t<a href='https:\/\/www.landscape-festival.cz\/old\/wp-content\/uploads\/2016\/11\/8135.jpg'><img loading=\"lazy\" decoding=\"async\" width=\"150\" height=\"150\" src=\"https:\/\/www.landscape-festival.cz\/old\/wp-content\/uploads\/2016\/11\/8135-150x150.jpg\" class=\"attachment-thumbnail size-thumbnail\" alt=\"\" \/><\/a>\n\t\t\t<\/dt><\/dl><br style=\"clear: both\" \/><dl class='gallery-item'>\n\t\t\t<dt class='gallery-icon portrait'>\n\t\t\t\t<a href='https:\/\/www.landscape-festival.cz\/old\/wp-content\/uploads\/2016\/11\/matous-lipus.jpg'><img loading=\"lazy\" decoding=\"async\" width=\"150\" height=\"150\" src=\"https:\/\/www.landscape-festival.cz\/old\/wp-content\/uploads\/2016\/11\/matous-lipus-150x150.jpg\" class=\"attachment-thumbnail size-thumbnail\" alt=\"\" \/><\/a>\n\t\t\t<\/dt><\/dl><dl class='gallery-item'>\n\t\t\t<dt class='gallery-icon portrait'>\n\t\t\t\t<a href='https:\/\/www.landscape-festival.cz\/old\/wp-content\/uploads\/2016\/11\/13323604_10208688182829531_4491264311639454378_o.jpg'><img loading=\"lazy\" decoding=\"async\" width=\"150\" height=\"150\" src=\"https:\/\/www.landscape-festival.cz\/old\/wp-content\/uploads\/2016\/11\/13323604_10208688182829531_4491264311639454378_o-150x150.jpg\" class=\"attachment-thumbnail size-thumbnail\" alt=\"\" \/><\/a>\n\t\t\t<\/dt><\/dl><dl class='gallery-item'>\n\t\t\t<dt class='gallery-icon landscape'>\n\t\t\t\t<a href='https:\/\/www.landscape-festival.cz\/old\/wp-content\/uploads\/2016\/11\/13308344_10208688192029761_5349995069613112568_o.jpg'><img loading=\"lazy\" decoding=\"async\" width=\"150\" height=\"150\" src=\"https:\/\/www.landscape-festival.cz\/old\/wp-content\/uploads\/2016\/11\/13308344_10208688192029761_5349995069613112568_o-150x150.jpg\" class=\"attachment-thumbnail size-thumbnail\" alt=\"\" \/><\/a>\n\t\t\t<\/dt><\/dl>\n\t\t\t<br style='clear: both' \/>\n\t\t<\/div>\n\n<hr \/>\n","protected":false},"excerpt":{"rendered":"<p>10\/6\u00a0\u2013 30\/9 n\u00e1m\u011bst\u00ed Republiky The city advertising column is transformed in a pedestal for contemporary art. The shopping mall Breda &amp; Wenstein (1927-1928) by architect Leopold Baure is an example of an interesting artistic solution of an object with a commertial purpose. Nowadays, it is neighbouring a banal city advertising column. The author understand this [&hellip;]<\/p>\n","protected":false},"author":3,"featured_media":4010,"comment_status":"closed","ping_status":"closed","sticky":false,"template":"","format":"standard","meta":{"footnotes":""},"categories":[36],"tags":[],"class_list":["post-4155","post","type-post","status-publish","format-standard","has-post-thumbnail","hentry","category-photogallery-en",""],"_links":{"self":[{"href":"http:\/\/www.landscape-festival.cz\/old\/wp-json\/wp\/v2\/posts\/4155","targetHints":{"allow":["GET"]}}],"collection":[{"href":"http:\/\/www.landscape-festival.cz\/old\/wp-json\/wp\/v2\/posts"}],"about":[{"href":"http:\/\/www.landscape-festival.cz\/old\/wp-json\/wp\/v2\/types\/post"}],"author":[{"embeddable":true,"href":"http:\/\/www.landscape-festival.cz\/old\/wp-json\/wp\/v2\/users\/3"}],"replies":[{"embeddable":true,"href":"http:\/\/www.landscape-festival.cz\/old\/wp-json\/wp\/v2\/comments?post=4155"}],"version-history":[{"count":2,"href":"http:\/\/www.landscape-festival.cz\/old\/wp-json\/wp\/v2\/posts\/4155\/revisions"}],"predecessor-version":[{"id":4233,"href":"http:\/\/www.landscape-festival.cz\/old\/wp-json\/wp\/v2\/posts\/4155\/revisions\/4233"}],"wp:featuredmedia":[{"embeddable":true,"href":"http:\/\/www.landscape-festival.cz\/old\/wp-json\/wp\/v2\/media\/4010"}],"wp:attachment":[{"href":"http:\/\/www.landscape-festival.cz\/old\/wp-json\/wp\/v2\/media?parent=4155"}],"wp:term":[{"taxonomy":"category","embeddable":true,"href":"http:\/\/www.landscape-festival.cz\/old\/wp-json\/wp\/v2\/categories?post=4155"},{"taxonomy":"post_tag","embeddable":true,"href":"http:\/\/www.landscape-festival.cz\/old\/wp-json\/wp\/v2\/tags?post=4155"}],"curies":[{"name":"wp","href":"https:\/\/api.w.org\/{rel}","templated":true}]}}