{"id":3879,"date":"2016-09-08T19:37:24","date_gmt":"2016-09-08T17:37:24","guid":{"rendered":"http:\/\/landscape-festival.cz\/?p=3879"},"modified":"2016-11-23T15:07:57","modified_gmt":"2016-11-23T13:07:57","slug":"suseni-pradla","status":"publish","type":"post","link":"http:\/\/www.landscape-festival.cz\/old\/suseni-pradla\/","title":{"rendered":"Su\u0161en\u00ed pr\u00e1dla"},"content":{"rendered":"<h5>10\/6\u00a0\u2013 30\/9<\/h5>\n<hr \/>\n<p>O\u017eiven\u00ed b\u0159ehu \u0159eky m\u016f\u017eeme vn\u00edmat velmi pozitivn\u011b, je to v\u00fdzva pro vz\u00e1jemn\u00e1\u00a0setk\u00e1v\u00e1n\u00ed. Pro\u010d v t\u011bchto m\u00edstech nezakempovat na del\u0161\u00ed dobu a postupn\u011b odeb\u00edrat a vym\u011b\u0148ovat u\u017e usu\u0161en\u00e9 \u010d\u00e1sti pr\u00e1dla?<\/p>\n<hr \/>\n\n\t\t<style type=\"text\/css\">\n\t\t\t#gallery-1 {\n\t\t\t\tmargin: auto;\n\t\t\t}\n\t\t\t#gallery-1 .gallery-item {\n\t\t\t\tfloat: left;\n\t\t\t\tmargin-top: 10px;\n\t\t\t\ttext-align: center;\n\t\t\t\twidth: 20%;\n\t\t\t}\n\t\t\t#gallery-1 img {\n\t\t\t\tborder: 2px solid #cfcfcf;\n\t\t\t}\n\t\t\t#gallery-1 .gallery-caption {\n\t\t\t\tmargin-left: 0;\n\t\t\t}\n\t\t\t\/* see gallery_shortcode() in wp-includes\/media.php *\/\n\t\t<\/style>\n\t\t<div id='gallery-1' class='gallery galleryid-3879 gallery-columns-5 gallery-size-thumbnail'><dl class='gallery-item'>\n\t\t\t<dt class='gallery-icon landscape'>\n\t\t\t\t<a href='https:\/\/www.landscape-festival.cz\/old\/wp-content\/uploads\/2016\/09\/promena-naplavky-vzadu-instalace-H3Tb.jpg'><img loading=\"lazy\" decoding=\"async\" width=\"150\" height=\"150\" src=\"https:\/\/www.landscape-festival.cz\/old\/wp-content\/uploads\/2016\/09\/promena-naplavky-vzadu-instalace-H3Tb-150x150.jpg\" class=\"attachment-thumbnail size-thumbnail\" alt=\"\" \/><\/a>\n\t\t\t<\/dt><\/dl><dl class='gallery-item'>\n\t\t\t<dt class='gallery-icon landscape'>\n\t\t\t\t<a href='https:\/\/www.landscape-festival.cz\/old\/wp-content\/uploads\/2016\/09\/IMG_5040.jpg'><img loading=\"lazy\" decoding=\"async\" width=\"150\" height=\"150\" src=\"https:\/\/www.landscape-festival.cz\/old\/wp-content\/uploads\/2016\/09\/IMG_5040-150x150.jpg\" class=\"attachment-thumbnail size-thumbnail\" alt=\"\" \/><\/a>\n\t\t\t<\/dt><\/dl>\n\t\t\t<br style='clear: both' \/>\n\t\t<\/div>\n\n<hr \/>\n","protected":false},"excerpt":{"rendered":"<p>10\/6\u00a0\u2013 30\/9 O\u017eiven\u00ed b\u0159ehu \u0159eky m\u016f\u017eeme vn\u00edmat velmi pozitivn\u011b, je to v\u00fdzva pro vz\u00e1jemn\u00e1\u00a0setk\u00e1v\u00e1n\u00ed. Pro\u010d v t\u011bchto m\u00edstech nezakempovat na del\u0161\u00ed dobu a postupn\u011b odeb\u00edrat a vym\u011b\u0148ovat u\u017e usu\u0161en\u00e9 \u010d\u00e1sti pr\u00e1dla?<\/p>\n","protected":false},"author":3,"featured_media":3926,"comment_status":"closed","ping_status":"closed","sticky":false,"template":"","format":"standard","meta":{"footnotes":""},"categories":[32],"tags":[],"class_list":["post-3879","post","type-post","status-publish","format-standard","has-post-thumbnail","hentry","category-fotogalerie",""],"_links":{"self":[{"href":"http:\/\/www.landscape-festival.cz\/old\/wp-json\/wp\/v2\/posts\/3879","targetHints":{"allow":["GET"]}}],"collection":[{"href":"http:\/\/www.landscape-festival.cz\/old\/wp-json\/wp\/v2\/posts"}],"about":[{"href":"http:\/\/www.landscape-festival.cz\/old\/wp-json\/wp\/v2\/types\/post"}],"author":[{"embeddable":true,"href":"http:\/\/www.landscape-festival.cz\/old\/wp-json\/wp\/v2\/users\/3"}],"replies":[{"embeddable":true,"href":"http:\/\/www.landscape-festival.cz\/old\/wp-json\/wp\/v2\/comments?post=3879"}],"version-history":[{"count":2,"href":"http:\/\/www.landscape-festival.cz\/old\/wp-json\/wp\/v2\/posts\/3879\/revisions"}],"predecessor-version":[{"id":4239,"href":"http:\/\/www.landscape-festival.cz\/old\/wp-json\/wp\/v2\/posts\/3879\/revisions\/4239"}],"wp:featuredmedia":[{"embeddable":true,"href":"http:\/\/www.landscape-festival.cz\/old\/wp-json\/wp\/v2\/media\/3926"}],"wp:attachment":[{"href":"http:\/\/www.landscape-festival.cz\/old\/wp-json\/wp\/v2\/media?parent=3879"}],"wp:term":[{"taxonomy":"category","embeddable":true,"href":"http:\/\/www.landscape-festival.cz\/old\/wp-json\/wp\/v2\/categories?post=3879"},{"taxonomy":"post_tag","embeddable":true,"href":"http:\/\/www.landscape-festival.cz\/old\/wp-json\/wp\/v2\/tags?post=3879"}],"curies":[{"name":"wp","href":"https:\/\/api.w.org\/{rel}","templated":true}]}}