{"id":3876,"date":"2016-09-08T19:36:27","date_gmt":"2016-09-08T17:36:27","guid":{"rendered":"http:\/\/landscape-festival.cz\/?p=3876"},"modified":"2016-11-23T15:07:25","modified_gmt":"2016-11-23T13:07:25","slug":"vnitrni-rytmus","status":"publish","type":"post","link":"http:\/\/www.landscape-festival.cz\/old\/vnitrni-rytmus\/","title":{"rendered":"Vnit\u0159n\u00ed rytmus"},"content":{"rendered":"<h5>10\/6\u00a0\u2013 30\/6<\/h5>\n<hr \/>\n<p>Jan Kal\u00e1b aka Cakes aka Onepoint pat\u0159\u00ed k nejstar\u0161\u00ed aktivn\u00ed generaci na graffiti\u00a0sc\u00e9n\u011b v \u010cesk\u00e9 republice. V roce 2006 diplomoval na Pra\u017esk\u00e9 akadeii v\u00fdtvarn\u00fdch um\u011bn\u00ed. Zab\u00fdv\u00e1 se nejen klasick\u00fdm graffiti s talentem pro dynamick\u00e9,\u00a0barevn\u011b hrav\u00e9 kompozice, ale tvo\u0159\u00ed i streetartov\u00e9 objekty rozli\u010dn\u00fdch form\u00e1t\u016f, neboj\u00ed se experimentovat a \u00fasp\u011b\u0161n\u011b tak posouv\u00e1 hranice oboru.\u00a0Rozm\u00e1chl\u00fd graffiti styl zredukoval na pl\u00e1tn\u011b na soust\u0159ed\u011bn\u00fd minimalistick\u00fd projev. Jeho tvorba se v posledn\u00edch letech p\u0159esunula z \u010d\u00e1sti do galeri\u00ed,\u00a0zasahovat do m\u011bstsk\u00e9ho prostoru ov\u0161em nep\u0159estal. Krom\u011b malby na pl\u00e1tno, se v\u011bnuje i velkoform\u00e1tov\u00fdm malb\u00e1m ve ve\u0159ejn\u00e9m prostoru.<\/p>\n<hr \/>\n\n\t\t<style type=\"text\/css\">\n\t\t\t#gallery-1 {\n\t\t\t\tmargin: auto;\n\t\t\t}\n\t\t\t#gallery-1 .gallery-item {\n\t\t\t\tfloat: left;\n\t\t\t\tmargin-top: 10px;\n\t\t\t\ttext-align: center;\n\t\t\t\twidth: 20%;\n\t\t\t}\n\t\t\t#gallery-1 img {\n\t\t\t\tborder: 2px solid #cfcfcf;\n\t\t\t}\n\t\t\t#gallery-1 .gallery-caption {\n\t\t\t\tmargin-left: 0;\n\t\t\t}\n\t\t\t\/* see gallery_shortcode() in wp-includes\/media.php *\/\n\t\t<\/style>\n\t\t<div id='gallery-1' class='gallery galleryid-3876 gallery-columns-5 gallery-size-thumbnail'><dl class='gallery-item'>\n\t\t\t<dt class='gallery-icon landscape'>\n\t\t\t\t<a href='https:\/\/www.landscape-festival.cz\/old\/wp-content\/uploads\/2016\/09\/mural-2_jak-kalab.jpg'><img loading=\"lazy\" decoding=\"async\" width=\"150\" height=\"150\" src=\"https:\/\/www.landscape-festival.cz\/old\/wp-content\/uploads\/2016\/09\/mural-2_jak-kalab-150x150.jpg\" class=\"attachment-thumbnail size-thumbnail\" alt=\"\" \/><\/a>\n\t\t\t<\/dt><\/dl><dl class='gallery-item'>\n\t\t\t<dt class='gallery-icon landscape'>\n\t\t\t\t<a href='https:\/\/www.landscape-festival.cz\/old\/wp-content\/uploads\/2016\/09\/13394124_1035011333230664_6614429103112023929_n.jpg'><img loading=\"lazy\" decoding=\"async\" width=\"150\" height=\"150\" src=\"https:\/\/www.landscape-festival.cz\/old\/wp-content\/uploads\/2016\/09\/13394124_1035011333230664_6614429103112023929_n-150x150.jpg\" class=\"attachment-thumbnail size-thumbnail\" alt=\"\" \/><\/a>\n\t\t\t<\/dt><\/dl><dl class='gallery-item'>\n\t\t\t<dt class='gallery-icon landscape'>\n\t\t\t\t<a href='https:\/\/www.landscape-festival.cz\/old\/wp-content\/uploads\/2016\/09\/IMG_5003.jpg'><img loading=\"lazy\" decoding=\"async\" width=\"150\" height=\"150\" src=\"https:\/\/www.landscape-festival.cz\/old\/wp-content\/uploads\/2016\/09\/IMG_5003-150x150.jpg\" class=\"attachment-thumbnail size-thumbnail\" alt=\"\" \/><\/a>\n\t\t\t<\/dt><\/dl><dl class='gallery-item'>\n\t\t\t<dt class='gallery-icon landscape'>\n\t\t\t\t<a href='https:\/\/www.landscape-festival.cz\/old\/wp-content\/uploads\/2016\/09\/IMG_4992.jpg'><img loading=\"lazy\" decoding=\"async\" width=\"150\" height=\"150\" src=\"https:\/\/www.landscape-festival.cz\/old\/wp-content\/uploads\/2016\/09\/IMG_4992-150x150.jpg\" class=\"attachment-thumbnail size-thumbnail\" alt=\"\" \/><\/a>\n\t\t\t<\/dt><\/dl><dl class='gallery-item'>\n\t\t\t<dt class='gallery-icon landscape'>\n\t\t\t\t<a href='https:\/\/www.landscape-festival.cz\/old\/wp-content\/uploads\/2016\/09\/IMG_4995.jpg'><img loading=\"lazy\" decoding=\"async\" width=\"150\" height=\"150\" src=\"https:\/\/www.landscape-festival.cz\/old\/wp-content\/uploads\/2016\/09\/IMG_4995-150x150.jpg\" class=\"attachment-thumbnail size-thumbnail\" alt=\"\" \/><\/a>\n\t\t\t<\/dt><\/dl><br style=\"clear: both\" \/><dl class='gallery-item'>\n\t\t\t<dt class='gallery-icon portrait'>\n\t\t\t\t<a href='https:\/\/www.landscape-festival.cz\/old\/wp-content\/uploads\/2016\/09\/IMG_5013-e1473356157315.jpg'><img loading=\"lazy\" decoding=\"async\" width=\"150\" height=\"150\" src=\"https:\/\/www.landscape-festival.cz\/old\/wp-content\/uploads\/2016\/09\/IMG_5013-e1473356157315-150x150.jpg\" class=\"attachment-thumbnail size-thumbnail\" alt=\"\" \/><\/a>\n\t\t\t<\/dt><\/dl><dl class='gallery-item'>\n\t\t\t<dt class='gallery-icon landscape'>\n\t\t\t\t<a href='https:\/\/www.landscape-festival.cz\/old\/wp-content\/uploads\/2016\/09\/13332944_1146784928713048_7757826255148656745_n.jpg'><img loading=\"lazy\" decoding=\"async\" width=\"150\" height=\"150\" src=\"https:\/\/www.landscape-festival.cz\/old\/wp-content\/uploads\/2016\/09\/13332944_1146784928713048_7757826255148656745_n-150x150.jpg\" class=\"attachment-thumbnail size-thumbnail\" alt=\"\" \/><\/a>\n\t\t\t<\/dt><\/dl>\n\t\t\t<br style='clear: both' \/>\n\t\t<\/div>\n\n<hr \/>\n","protected":false},"excerpt":{"rendered":"<p>10\/6\u00a0\u2013 30\/6 Jan Kal\u00e1b aka Cakes aka Onepoint pat\u0159\u00ed k nejstar\u0161\u00ed aktivn\u00ed generaci na graffiti\u00a0sc\u00e9n\u011b v \u010cesk\u00e9 republice. V roce 2006 diplomoval na Pra\u017esk\u00e9 akadeii v\u00fdtvarn\u00fdch um\u011bn\u00ed. Zab\u00fdv\u00e1 se nejen klasick\u00fdm graffiti s talentem pro dynamick\u00e9,\u00a0barevn\u011b hrav\u00e9 kompozice, ale tvo\u0159\u00ed i streetartov\u00e9 objekty rozli\u010dn\u00fdch form\u00e1t\u016f, neboj\u00ed se experimentovat a \u00fasp\u011b\u0161n\u011b tak posouv\u00e1 hranice oboru.\u00a0Rozm\u00e1chl\u00fd graffiti [&hellip;]<\/p>\n","protected":false},"author":3,"featured_media":3925,"comment_status":"closed","ping_status":"closed","sticky":false,"template":"","format":"standard","meta":{"footnotes":""},"categories":[32],"tags":[],"class_list":["post-3876","post","type-post","status-publish","format-standard","has-post-thumbnail","hentry","category-fotogalerie",""],"_links":{"self":[{"href":"http:\/\/www.landscape-festival.cz\/old\/wp-json\/wp\/v2\/posts\/3876","targetHints":{"allow":["GET"]}}],"collection":[{"href":"http:\/\/www.landscape-festival.cz\/old\/wp-json\/wp\/v2\/posts"}],"about":[{"href":"http:\/\/www.landscape-festival.cz\/old\/wp-json\/wp\/v2\/types\/post"}],"author":[{"embeddable":true,"href":"http:\/\/www.landscape-festival.cz\/old\/wp-json\/wp\/v2\/users\/3"}],"replies":[{"embeddable":true,"href":"http:\/\/www.landscape-festival.cz\/old\/wp-json\/wp\/v2\/comments?post=3876"}],"version-history":[{"count":3,"href":"http:\/\/www.landscape-festival.cz\/old\/wp-json\/wp\/v2\/posts\/3876\/revisions"}],"predecessor-version":[{"id":4090,"href":"http:\/\/www.landscape-festival.cz\/old\/wp-json\/wp\/v2\/posts\/3876\/revisions\/4090"}],"wp:featuredmedia":[{"embeddable":true,"href":"http:\/\/www.landscape-festival.cz\/old\/wp-json\/wp\/v2\/media\/3925"}],"wp:attachment":[{"href":"http:\/\/www.landscape-festival.cz\/old\/wp-json\/wp\/v2\/media?parent=3876"}],"wp:term":[{"taxonomy":"category","embeddable":true,"href":"http:\/\/www.landscape-festival.cz\/old\/wp-json\/wp\/v2\/categories?post=3876"},{"taxonomy":"post_tag","embeddable":true,"href":"http:\/\/www.landscape-festival.cz\/old\/wp-json\/wp\/v2\/tags?post=3876"}],"curies":[{"name":"wp","href":"https:\/\/api.w.org\/{rel}","templated":true}]}}