{"id":3855,"date":"2016-09-08T19:18:07","date_gmt":"2016-09-08T17:18:07","guid":{"rendered":"http:\/\/landscape-festival.cz\/?p=3855"},"modified":"2016-11-23T15:06:04","modified_gmt":"2016-11-23T13:06:04","slug":"krysin","status":"publish","type":"post","link":"http:\/\/www.landscape-festival.cz\/old\/krysin\/","title":{"rendered":"Krys\u00edn"},"content":{"rendered":"<h5>10\/6\u00a0\u2013 30\/9<\/h5>\n<hr \/>\n<p>Kdo m\u00e1 chu\u0165 (a odvahu) &#8211; nech\u0165 vstoup\u00ed&#8230; Pro koho je ur\u010den atraktivn\u00ed ml\u00fdnsk\u00fd\u00a0n\u00e1hon v diskus\u00edch ozna\u010dovan\u00fd jako zelen\u00e1 hnij\u00edc\u00ed stoka? Sundejme r\u016f\u017eov\u00e9 br\u00fdle a p\u0159em\u011b\u0148me toto sp\u00edc\u00ed m\u00edsto v hodnotn\u00fd m\u011bstsk\u00fd prostor.<\/p>\n<hr \/>\n\n\t\t<style type=\"text\/css\">\n\t\t\t#gallery-1 {\n\t\t\t\tmargin: auto;\n\t\t\t}\n\t\t\t#gallery-1 .gallery-item {\n\t\t\t\tfloat: left;\n\t\t\t\tmargin-top: 10px;\n\t\t\t\ttext-align: center;\n\t\t\t\twidth: 20%;\n\t\t\t}\n\t\t\t#gallery-1 img {\n\t\t\t\tborder: 2px solid #cfcfcf;\n\t\t\t}\n\t\t\t#gallery-1 .gallery-caption {\n\t\t\t\tmargin-left: 0;\n\t\t\t}\n\t\t\t\/* see gallery_shortcode() in wp-includes\/media.php *\/\n\t\t<\/style>\n\t\t<div id='gallery-1' class='gallery galleryid-3855 gallery-columns-5 gallery-size-thumbnail'><dl class='gallery-item'>\n\t\t\t<dt class='gallery-icon landscape'>\n\t\t\t\t<a href='https:\/\/www.landscape-festival.cz\/old\/wp-content\/uploads\/2016\/09\/krysky.png'><img loading=\"lazy\" decoding=\"async\" width=\"150\" height=\"150\" src=\"https:\/\/www.landscape-festival.cz\/old\/wp-content\/uploads\/2016\/09\/krysky-150x150.png\" class=\"attachment-thumbnail size-thumbnail\" alt=\"\" \/><\/a>\n\t\t\t<\/dt><\/dl>\n\t\t\t<br style='clear: both' \/>\n\t\t<\/div>\n\n<hr \/>\n","protected":false},"excerpt":{"rendered":"<p>10\/6\u00a0\u2013 30\/9 Kdo m\u00e1 chu\u0165 (a odvahu) &#8211; nech\u0165 vstoup\u00ed&#8230; Pro koho je ur\u010den atraktivn\u00ed ml\u00fdnsk\u00fd\u00a0n\u00e1hon v diskus\u00edch ozna\u010dovan\u00fd jako zelen\u00e1 hnij\u00edc\u00ed stoka? Sundejme r\u016f\u017eov\u00e9 br\u00fdle a p\u0159em\u011b\u0148me toto sp\u00edc\u00ed m\u00edsto v hodnotn\u00fd m\u011bstsk\u00fd prostor.<\/p>\n","protected":false},"author":3,"featured_media":3924,"comment_status":"closed","ping_status":"closed","sticky":false,"template":"","format":"standard","meta":{"footnotes":""},"categories":[32],"tags":[],"class_list":["post-3855","post","type-post","status-publish","format-standard","has-post-thumbnail","hentry","category-fotogalerie",""],"_links":{"self":[{"href":"http:\/\/www.landscape-festival.cz\/old\/wp-json\/wp\/v2\/posts\/3855","targetHints":{"allow":["GET"]}}],"collection":[{"href":"http:\/\/www.landscape-festival.cz\/old\/wp-json\/wp\/v2\/posts"}],"about":[{"href":"http:\/\/www.landscape-festival.cz\/old\/wp-json\/wp\/v2\/types\/post"}],"author":[{"embeddable":true,"href":"http:\/\/www.landscape-festival.cz\/old\/wp-json\/wp\/v2\/users\/3"}],"replies":[{"embeddable":true,"href":"http:\/\/www.landscape-festival.cz\/old\/wp-json\/wp\/v2\/comments?post=3855"}],"version-history":[{"count":2,"href":"http:\/\/www.landscape-festival.cz\/old\/wp-json\/wp\/v2\/posts\/3855\/revisions"}],"predecessor-version":[{"id":4236,"href":"http:\/\/www.landscape-festival.cz\/old\/wp-json\/wp\/v2\/posts\/3855\/revisions\/4236"}],"wp:featuredmedia":[{"embeddable":true,"href":"http:\/\/www.landscape-festival.cz\/old\/wp-json\/wp\/v2\/media\/3924"}],"wp:attachment":[{"href":"http:\/\/www.landscape-festival.cz\/old\/wp-json\/wp\/v2\/media?parent=3855"}],"wp:term":[{"taxonomy":"category","embeddable":true,"href":"http:\/\/www.landscape-festival.cz\/old\/wp-json\/wp\/v2\/categories?post=3855"},{"taxonomy":"post_tag","embeddable":true,"href":"http:\/\/www.landscape-festival.cz\/old\/wp-json\/wp\/v2\/tags?post=3855"}],"curies":[{"name":"wp","href":"https:\/\/api.w.org\/{rel}","templated":true}]}}