{"id":3840,"date":"2016-09-08T19:21:16","date_gmt":"2016-09-08T17:21:16","guid":{"rendered":"http:\/\/landscape-festival.cz\/?p=3840"},"modified":"2016-11-23T15:06:59","modified_gmt":"2016-11-23T13:06:59","slug":"slunce-voda-vzduch","status":"publish","type":"post","link":"http:\/\/www.landscape-festival.cz\/old\/slunce-voda-vzduch\/","title":{"rendered":"Slunce, voda, vzduch&#8230;"},"content":{"rendered":"<h5>10\/6\u00a0\u2013 30\/9<br \/>\nHozovo n\u00e1b\u0159e\u017e\u00ed<\/h5>\n<hr \/>\n<p>Opava vznikla na k\u0159\u00ed\u017een\u00ed obchodn\u00ed jantarov\u00e9 stezky s \u0159ekou. \u0158eka byla \u017eivotod\u00e1rn\u00fdm\u00a0p\u0159edpokladem vzniku s\u00eddla. Dnes \u0159eka Opavou prot\u00e9k\u00e1 bez v\u011bt\u0161\u00edho vyu\u017eit\u00ed. Nem\u00e1me n\u00e1b\u0159e\u017en\u00ed ulici, m\u011bsto se k \u0159ece ot\u00e1\u010d\u00ed z\u00e1dy, u vody \u017eila chudina.\u00a0Nem\u00e1me rekrea\u010dn\u00ed prostor v regulaci \u0159eky na spo\u010dinut\u00ed, pro koup\u00e1n\u00ed, respektive je v\u0161ude a nikde.<\/p>\n<p>Centrum m\u011bsta \u0159eka atakuje nejbl\u00ed\u017ee u N\u00e1kladn\u00ed ulice v m\u00edst\u011b vy\u00fast\u011bn\u00ed p\u0159epadu\u00a0zatrubn\u011bn\u00e9ho m\u011bstsk\u00e9ho n\u00e1honu. V tomto m\u00edst\u011b kon\u010d\u00ed kamenn\u00e1 regulace a d\u00e1 se sej\u00edt k \u0159ece. A pr\u00e1v\u011b na tomto m\u00edst\u011b, na lev\u00e9m b\u0159ehu, pod hospodou,\u00a0navrhujeme pro Opavany p\u00edse\u010dnou pl\u00e1\u0161\u0165 s palmami a p\u0159evl\u00e9kac\u00ed kabinou. P\u0159evl\u00e9kac\u00ed kabina bude m\u00edt sice odd\u011blen\u00e9 vstupy pro mu\u017ee a \u017eeny, ale bude\u00a0tak trochu jin\u00e1, se spole\u010dnou p\u0159evl\u00e9k\u00e1rnou uprost\u0159ed. V dob\u011b akvapark\u016f chceme nab\u00eddnout n\u00e1vrat do \u010das\u016f \u0159\u00ed\u010dn\u00edch l\u00e1zn\u00ed a pouk\u00e1zat\u00a0na nevyu\u017eit\u00fd p\u0159\u00edrodn\u00ed potenci\u00e1l \u0159eky Opavy v bl\u00edzkosti centra m\u011bsta.<\/p>\n<hr \/>\n\n\t\t<style type=\"text\/css\">\n\t\t\t#gallery-1 {\n\t\t\t\tmargin: auto;\n\t\t\t}\n\t\t\t#gallery-1 .gallery-item {\n\t\t\t\tfloat: left;\n\t\t\t\tmargin-top: 10px;\n\t\t\t\ttext-align: center;\n\t\t\t\twidth: 20%;\n\t\t\t}\n\t\t\t#gallery-1 img {\n\t\t\t\tborder: 2px solid #cfcfcf;\n\t\t\t}\n\t\t\t#gallery-1 .gallery-caption {\n\t\t\t\tmargin-left: 0;\n\t\t\t}\n\t\t\t\/* see gallery_shortcode() in wp-includes\/media.php *\/\n\t\t<\/style>\n\t\t<div id='gallery-1' class='gallery galleryid-3840 gallery-columns-5 gallery-size-thumbnail'><dl class='gallery-item'>\n\t\t\t<dt class='gallery-icon landscape'>\n\t\t\t\t<a href='https:\/\/www.landscape-festival.cz\/old\/wp-content\/uploads\/2016\/09\/naplavka.jpg'><img loading=\"lazy\" decoding=\"async\" width=\"150\" height=\"150\" src=\"https:\/\/www.landscape-festival.cz\/old\/wp-content\/uploads\/2016\/09\/naplavka-150x150.jpg\" class=\"attachment-thumbnail size-thumbnail\" alt=\"\" \/><\/a>\n\t\t\t<\/dt><\/dl><dl class='gallery-item'>\n\t\t\t<dt class='gallery-icon landscape'>\n\t\t\t\t<a href='https:\/\/www.landscape-festival.cz\/old\/wp-content\/uploads\/2016\/09\/P1290737.jpg'><img loading=\"lazy\" decoding=\"async\" width=\"150\" height=\"150\" src=\"https:\/\/www.landscape-festival.cz\/old\/wp-content\/uploads\/2016\/09\/P1290737-150x150.jpg\" class=\"attachment-thumbnail size-thumbnail\" alt=\"\" \/><\/a>\n\t\t\t<\/dt><\/dl><dl class='gallery-item'>\n\t\t\t<dt class='gallery-icon landscape'>\n\t\t\t\t<a href='https:\/\/www.landscape-festival.cz\/old\/wp-content\/uploads\/2016\/09\/prevlekarna-na-naplavce_atelier-38.jpg'><img loading=\"lazy\" decoding=\"async\" width=\"150\" height=\"150\" src=\"https:\/\/www.landscape-festival.cz\/old\/wp-content\/uploads\/2016\/09\/prevlekarna-na-naplavce_atelier-38-150x150.jpg\" class=\"attachment-thumbnail size-thumbnail\" alt=\"\" \/><\/a>\n\t\t\t<\/dt><\/dl><dl class='gallery-item'>\n\t\t\t<dt class='gallery-icon landscape'>\n\t\t\t\t<a href='https:\/\/www.landscape-festival.cz\/old\/wp-content\/uploads\/2016\/09\/FOTO-42.jpg'><img loading=\"lazy\" decoding=\"async\" width=\"150\" height=\"150\" src=\"https:\/\/www.landscape-festival.cz\/old\/wp-content\/uploads\/2016\/09\/FOTO-42-150x150.jpg\" class=\"attachment-thumbnail size-thumbnail\" alt=\"\" \/><\/a>\n\t\t\t<\/dt><\/dl><dl class='gallery-item'>\n\t\t\t<dt class='gallery-icon landscape'>\n\t\t\t\t<a href='https:\/\/www.landscape-festival.cz\/old\/wp-content\/uploads\/2016\/09\/IMG_4902.jpg'><img loading=\"lazy\" decoding=\"async\" width=\"150\" height=\"150\" src=\"https:\/\/www.landscape-festival.cz\/old\/wp-content\/uploads\/2016\/09\/IMG_4902-150x150.jpg\" class=\"attachment-thumbnail size-thumbnail\" alt=\"\" \/><\/a>\n\t\t\t<\/dt><\/dl><br style=\"clear: both\" \/><dl class='gallery-item'>\n\t\t\t<dt class='gallery-icon landscape'>\n\t\t\t\t<a href='https:\/\/www.landscape-festival.cz\/old\/wp-content\/uploads\/2016\/09\/IMG_4953.jpg'><img loading=\"lazy\" decoding=\"async\" width=\"150\" height=\"150\" src=\"https:\/\/www.landscape-festival.cz\/old\/wp-content\/uploads\/2016\/09\/IMG_4953-150x150.jpg\" class=\"attachment-thumbnail size-thumbnail\" alt=\"\" \/><\/a>\n\t\t\t<\/dt><\/dl><dl class='gallery-item'>\n\t\t\t<dt class='gallery-icon landscape'>\n\t\t\t\t<a href='https:\/\/www.landscape-festival.cz\/old\/wp-content\/uploads\/2016\/09\/IMG_4954.jpg'><img loading=\"lazy\" decoding=\"async\" width=\"150\" height=\"150\" src=\"https:\/\/www.landscape-festival.cz\/old\/wp-content\/uploads\/2016\/09\/IMG_4954-150x150.jpg\" class=\"attachment-thumbnail size-thumbnail\" alt=\"\" \/><\/a>\n\t\t\t<\/dt><\/dl><dl class='gallery-item'>\n\t\t\t<dt class='gallery-icon landscape'>\n\t\t\t\t<a href='https:\/\/www.landscape-festival.cz\/old\/wp-content\/uploads\/2016\/09\/IMG_4961.jpg'><img loading=\"lazy\" decoding=\"async\" width=\"150\" height=\"150\" src=\"https:\/\/www.landscape-festival.cz\/old\/wp-content\/uploads\/2016\/09\/IMG_4961-150x150.jpg\" class=\"attachment-thumbnail size-thumbnail\" alt=\"\" \/><\/a>\n\t\t\t<\/dt><\/dl><dl class='gallery-item'>\n\t\t\t<dt class='gallery-icon landscape'>\n\t\t\t\t<a href='https:\/\/www.landscape-festival.cz\/old\/wp-content\/uploads\/2016\/09\/IMG_4962.jpg'><img loading=\"lazy\" decoding=\"async\" width=\"150\" height=\"150\" src=\"https:\/\/www.landscape-festival.cz\/old\/wp-content\/uploads\/2016\/09\/IMG_4962-150x150.jpg\" class=\"attachment-thumbnail size-thumbnail\" alt=\"\" \/><\/a>\n\t\t\t<\/dt><\/dl><dl class='gallery-item'>\n\t\t\t<dt class='gallery-icon landscape'>\n\t\t\t\t<a href='https:\/\/www.landscape-festival.cz\/old\/wp-content\/uploads\/2016\/09\/IMG_4980.jpg'><img loading=\"lazy\" decoding=\"async\" width=\"150\" height=\"150\" src=\"https:\/\/www.landscape-festival.cz\/old\/wp-content\/uploads\/2016\/09\/IMG_4980-150x150.jpg\" class=\"attachment-thumbnail size-thumbnail\" alt=\"\" \/><\/a>\n\t\t\t<\/dt><\/dl><br style=\"clear: both\" \/>\n\t\t<\/div>\n\n<hr \/>\n","protected":false},"excerpt":{"rendered":"<p>10\/6\u00a0\u2013 30\/9 Hozovo n\u00e1b\u0159e\u017e\u00ed Opava vznikla na k\u0159\u00ed\u017een\u00ed obchodn\u00ed jantarov\u00e9 stezky s \u0159ekou. \u0158eka byla \u017eivotod\u00e1rn\u00fdm\u00a0p\u0159edpokladem vzniku s\u00eddla. Dnes \u0159eka Opavou prot\u00e9k\u00e1 bez v\u011bt\u0161\u00edho vyu\u017eit\u00ed. Nem\u00e1me n\u00e1b\u0159e\u017en\u00ed ulici, m\u011bsto se k \u0159ece ot\u00e1\u010d\u00ed z\u00e1dy, u vody \u017eila chudina.\u00a0Nem\u00e1me rekrea\u010dn\u00ed prostor v regulaci \u0159eky na spo\u010dinut\u00ed, pro koup\u00e1n\u00ed, respektive je v\u0161ude a nikde. Centrum m\u011bsta \u0159eka [&hellip;]<\/p>\n","protected":false},"author":3,"featured_media":3923,"comment_status":"closed","ping_status":"closed","sticky":false,"template":"","format":"standard","meta":{"footnotes":""},"categories":[32],"tags":[],"class_list":["post-3840","post","type-post","status-publish","format-standard","has-post-thumbnail","hentry","category-fotogalerie",""],"_links":{"self":[{"href":"http:\/\/www.landscape-festival.cz\/old\/wp-json\/wp\/v2\/posts\/3840","targetHints":{"allow":["GET"]}}],"collection":[{"href":"http:\/\/www.landscape-festival.cz\/old\/wp-json\/wp\/v2\/posts"}],"about":[{"href":"http:\/\/www.landscape-festival.cz\/old\/wp-json\/wp\/v2\/types\/post"}],"author":[{"embeddable":true,"href":"http:\/\/www.landscape-festival.cz\/old\/wp-json\/wp\/v2\/users\/3"}],"replies":[{"embeddable":true,"href":"http:\/\/www.landscape-festival.cz\/old\/wp-json\/wp\/v2\/comments?post=3840"}],"version-history":[{"count":2,"href":"http:\/\/www.landscape-festival.cz\/old\/wp-json\/wp\/v2\/posts\/3840\/revisions"}],"predecessor-version":[{"id":4237,"href":"http:\/\/www.landscape-festival.cz\/old\/wp-json\/wp\/v2\/posts\/3840\/revisions\/4237"}],"wp:featuredmedia":[{"embeddable":true,"href":"http:\/\/www.landscape-festival.cz\/old\/wp-json\/wp\/v2\/media\/3923"}],"wp:attachment":[{"href":"http:\/\/www.landscape-festival.cz\/old\/wp-json\/wp\/v2\/media?parent=3840"}],"wp:term":[{"taxonomy":"category","embeddable":true,"href":"http:\/\/www.landscape-festival.cz\/old\/wp-json\/wp\/v2\/categories?post=3840"},{"taxonomy":"post_tag","embeddable":true,"href":"http:\/\/www.landscape-festival.cz\/old\/wp-json\/wp\/v2\/tags?post=3840"}],"curies":[{"name":"wp","href":"https:\/\/api.w.org\/{rel}","templated":true}]}}