{"id":3804,"date":"2016-09-08T18:49:53","date_gmt":"2016-09-08T16:49:53","guid":{"rendered":"http:\/\/landscape-festival.cz\/?p=3804"},"modified":"2016-11-23T15:04:12","modified_gmt":"2016-11-23T13:04:12","slug":"misto-pro-sochu","status":"publish","type":"post","link":"http:\/\/www.landscape-festival.cz\/old\/misto-pro-sochu\/","title":{"rendered":"M\u00edsto pro sochu"},"content":{"rendered":"<h5>10\/6\u00a0\u2013 30\/9<br \/>\nn\u00e1m\u011bst\u00ed Republiky<\/h5>\n<hr \/>\n<p>M\u011bstsk\u00fd reklamn\u00ed sloup je p\u0159em\u011bn\u011bn na piedestal pro sou\u010dasn\u00e9 um\u011bn\u00ed.\u00a0Obchodn\u00ed d\u016fm Breda &amp; Wenstein (1927\u20131928) architekta Leopolda<br \/>\nBauera je uk\u00e1zkou zaj\u00edmav\u00e9ho v\u00fdtvarn\u00e9ho \u0159e\u0161en\u00ed objektu s komer\u010dn\u00edm \u00fa\u010delem.\u00a0Dnes mu na n\u00e1m\u011bst\u00ed d\u011bl\u00e1 spole\u010dnost ban\u00e1ln\u00ed m\u011bstsk\u00fd reklamn\u00ed sloup.<br \/>\nAutor bere sloup jako v\u00fdzvu k z\u00e1sahu do ve\u0159ejn\u00e9ho prostoru, kdy\u017e jej pov\u00fd\u0161il\u00a0na m\u00edsto pro sochu. Zm\u011bn\u00ed se reklamn\u00ed pouta\u010d, kdy\u017e se stane soklem?<\/p>\n<hr \/>\n\n\t\t<style type=\"text\/css\">\n\t\t\t#gallery-1 {\n\t\t\t\tmargin: auto;\n\t\t\t}\n\t\t\t#gallery-1 .gallery-item {\n\t\t\t\tfloat: left;\n\t\t\t\tmargin-top: 10px;\n\t\t\t\ttext-align: center;\n\t\t\t\twidth: 20%;\n\t\t\t}\n\t\t\t#gallery-1 img {\n\t\t\t\tborder: 2px solid #cfcfcf;\n\t\t\t}\n\t\t\t#gallery-1 .gallery-caption {\n\t\t\t\tmargin-left: 0;\n\t\t\t}\n\t\t\t\/* see gallery_shortcode() in wp-includes\/media.php *\/\n\t\t<\/style>\n\t\t<div id='gallery-1' class='gallery galleryid-3804 gallery-columns-5 gallery-size-thumbnail'><dl class='gallery-item'>\n\t\t\t<dt class='gallery-icon portrait'>\n\t\t\t\t<a href='https:\/\/www.landscape-festival.cz\/old\/wp-content\/uploads\/2016\/09\/1.jpg'><img loading=\"lazy\" decoding=\"async\" width=\"150\" height=\"150\" src=\"https:\/\/www.landscape-festival.cz\/old\/wp-content\/uploads\/2016\/09\/1-150x150.jpg\" class=\"attachment-thumbnail size-thumbnail\" alt=\"\" \/><\/a>\n\t\t\t<\/dt><\/dl><dl class='gallery-item'>\n\t\t\t<dt class='gallery-icon landscape'>\n\t\t\t\t<a href='https:\/\/www.landscape-festival.cz\/old\/wp-content\/uploads\/2016\/09\/13317043_10208688351953759_2812854468066340677_o.jpg'><img loading=\"lazy\" decoding=\"async\" width=\"150\" height=\"150\" src=\"https:\/\/www.landscape-festival.cz\/old\/wp-content\/uploads\/2016\/09\/13317043_10208688351953759_2812854468066340677_o-150x150.jpg\" class=\"attachment-thumbnail size-thumbnail\" alt=\"\" \/><\/a>\n\t\t\t<\/dt><\/dl><dl class='gallery-item'>\n\t\t\t<dt class='gallery-icon portrait'>\n\t\t\t\t<a href='https:\/\/www.landscape-festival.cz\/old\/wp-content\/uploads\/2016\/09\/matous-lipus.jpg'><img loading=\"lazy\" decoding=\"async\" width=\"150\" height=\"150\" src=\"https:\/\/www.landscape-festival.cz\/old\/wp-content\/uploads\/2016\/09\/matous-lipus-150x150.jpg\" class=\"attachment-thumbnail size-thumbnail\" alt=\"\" \/><\/a>\n\t\t\t<\/dt><\/dl><dl class='gallery-item'>\n\t\t\t<dt class='gallery-icon portrait'>\n\t\t\t\t<a href='https:\/\/www.landscape-festival.cz\/old\/wp-content\/uploads\/2016\/09\/13323604_10208688182829531_4491264311639454378_o.jpg'><img loading=\"lazy\" decoding=\"async\" width=\"150\" height=\"150\" src=\"https:\/\/www.landscape-festival.cz\/old\/wp-content\/uploads\/2016\/09\/13323604_10208688182829531_4491264311639454378_o-150x150.jpg\" class=\"attachment-thumbnail size-thumbnail\" alt=\"\" \/><\/a>\n\t\t\t<\/dt><\/dl><dl class='gallery-item'>\n\t\t\t<dt class='gallery-icon landscape'>\n\t\t\t\t<a href='https:\/\/www.landscape-festival.cz\/old\/wp-content\/uploads\/2016\/09\/13308344_10208688192029761_5349995069613112568_o.jpg'><img loading=\"lazy\" decoding=\"async\" width=\"150\" height=\"150\" src=\"https:\/\/www.landscape-festival.cz\/old\/wp-content\/uploads\/2016\/09\/13308344_10208688192029761_5349995069613112568_o-150x150.jpg\" class=\"attachment-thumbnail size-thumbnail\" alt=\"\" \/><\/a>\n\t\t\t<\/dt><\/dl><br style=\"clear: both\" \/><dl class='gallery-item'>\n\t\t\t<dt class='gallery-icon portrait'>\n\t\t\t\t<a href='https:\/\/www.landscape-festival.cz\/old\/wp-content\/uploads\/2016\/09\/8030.jpg'><img loading=\"lazy\" decoding=\"async\" width=\"150\" height=\"150\" src=\"https:\/\/www.landscape-festival.cz\/old\/wp-content\/uploads\/2016\/09\/8030-150x150.jpg\" class=\"attachment-thumbnail size-thumbnail\" alt=\"\" \/><\/a>\n\t\t\t<\/dt><\/dl><dl class='gallery-item'>\n\t\t\t<dt class='gallery-icon portrait'>\n\t\t\t\t<a href='https:\/\/www.landscape-festival.cz\/old\/wp-content\/uploads\/2016\/09\/8124.jpg'><img loading=\"lazy\" decoding=\"async\" width=\"150\" height=\"150\" src=\"https:\/\/www.landscape-festival.cz\/old\/wp-content\/uploads\/2016\/09\/8124-150x150.jpg\" class=\"attachment-thumbnail size-thumbnail\" alt=\"\" \/><\/a>\n\t\t\t<\/dt><\/dl><dl class='gallery-item'>\n\t\t\t<dt class='gallery-icon landscape'>\n\t\t\t\t<a href='https:\/\/www.landscape-festival.cz\/old\/wp-content\/uploads\/2016\/09\/8136.jpg'><img loading=\"lazy\" decoding=\"async\" width=\"150\" height=\"150\" src=\"https:\/\/www.landscape-festival.cz\/old\/wp-content\/uploads\/2016\/09\/8136-150x150.jpg\" class=\"attachment-thumbnail size-thumbnail\" alt=\"\" srcset=\"https:\/\/www.landscape-festival.cz\/old\/wp-content\/uploads\/2016\/09\/8136-150x150.jpg 150w, https:\/\/www.landscape-festival.cz\/old\/wp-content\/uploads\/2016\/09\/8136-300x300.jpg 300w, https:\/\/www.landscape-festival.cz\/old\/wp-content\/uploads\/2016\/09\/8136-768x768.jpg 768w, https:\/\/www.landscape-festival.cz\/old\/wp-content\/uploads\/2016\/09\/8136-1024x1024.jpg 1024w, https:\/\/www.landscape-festival.cz\/old\/wp-content\/uploads\/2016\/09\/8136.jpg 1181w\" sizes=\"auto, (max-width: 150px) 100vw, 150px\" \/><\/a>\n\t\t\t<\/dt><\/dl><dl class='gallery-item'>\n\t\t\t<dt class='gallery-icon portrait'>\n\t\t\t\t<a href='https:\/\/www.landscape-festival.cz\/old\/wp-content\/uploads\/2016\/09\/8026.jpg'><img loading=\"lazy\" decoding=\"async\" width=\"150\" height=\"150\" src=\"https:\/\/www.landscape-festival.cz\/old\/wp-content\/uploads\/2016\/09\/8026-150x150.jpg\" class=\"attachment-thumbnail size-thumbnail\" alt=\"\" \/><\/a>\n\t\t\t<\/dt><\/dl>\n\t\t\t<br style='clear: both' \/>\n\t\t<\/div>\n\n<hr \/>\n","protected":false},"excerpt":{"rendered":"<p>10\/6\u00a0\u2013 30\/9 n\u00e1m\u011bst\u00ed Republiky M\u011bstsk\u00fd reklamn\u00ed sloup je p\u0159em\u011bn\u011bn na piedestal pro sou\u010dasn\u00e9 um\u011bn\u00ed.\u00a0Obchodn\u00ed d\u016fm Breda &amp; Wenstein (1927\u20131928) architekta Leopolda Bauera je uk\u00e1zkou zaj\u00edmav\u00e9ho v\u00fdtvarn\u00e9ho \u0159e\u0161en\u00ed objektu s komer\u010dn\u00edm \u00fa\u010delem.\u00a0Dnes mu na n\u00e1m\u011bst\u00ed d\u011bl\u00e1 spole\u010dnost ban\u00e1ln\u00ed m\u011bstsk\u00fd reklamn\u00ed sloup. Autor bere sloup jako v\u00fdzvu k z\u00e1sahu do ve\u0159ejn\u00e9ho prostoru, kdy\u017e jej pov\u00fd\u0161il\u00a0na m\u00edsto pro [&hellip;]<\/p>\n","protected":false},"author":3,"featured_media":3920,"comment_status":"closed","ping_status":"closed","sticky":false,"template":"","format":"standard","meta":{"footnotes":""},"categories":[32],"tags":[],"class_list":["post-3804","post","type-post","status-publish","format-standard","has-post-thumbnail","hentry","category-fotogalerie",""],"_links":{"self":[{"href":"http:\/\/www.landscape-festival.cz\/old\/wp-json\/wp\/v2\/posts\/3804","targetHints":{"allow":["GET"]}}],"collection":[{"href":"http:\/\/www.landscape-festival.cz\/old\/wp-json\/wp\/v2\/posts"}],"about":[{"href":"http:\/\/www.landscape-festival.cz\/old\/wp-json\/wp\/v2\/types\/post"}],"author":[{"embeddable":true,"href":"http:\/\/www.landscape-festival.cz\/old\/wp-json\/wp\/v2\/users\/3"}],"replies":[{"embeddable":true,"href":"http:\/\/www.landscape-festival.cz\/old\/wp-json\/wp\/v2\/comments?post=3804"}],"version-history":[{"count":3,"href":"http:\/\/www.landscape-festival.cz\/old\/wp-json\/wp\/v2\/posts\/3804\/revisions"}],"predecessor-version":[{"id":3830,"href":"http:\/\/www.landscape-festival.cz\/old\/wp-json\/wp\/v2\/posts\/3804\/revisions\/3830"}],"wp:featuredmedia":[{"embeddable":true,"href":"http:\/\/www.landscape-festival.cz\/old\/wp-json\/wp\/v2\/media\/3920"}],"wp:attachment":[{"href":"http:\/\/www.landscape-festival.cz\/old\/wp-json\/wp\/v2\/media?parent=3804"}],"wp:term":[{"taxonomy":"category","embeddable":true,"href":"http:\/\/www.landscape-festival.cz\/old\/wp-json\/wp\/v2\/categories?post=3804"},{"taxonomy":"post_tag","embeddable":true,"href":"http:\/\/www.landscape-festival.cz\/old\/wp-json\/wp\/v2\/tags?post=3804"}],"curies":[{"name":"wp","href":"https:\/\/api.w.org\/{rel}","templated":true}]}}