{"id":3738,"date":"2016-09-08T18:12:49","date_gmt":"2016-09-08T16:12:49","guid":{"rendered":"http:\/\/landscape-festival.cz\/?p=3738"},"modified":"2016-11-23T15:02:35","modified_gmt":"2016-11-23T13:02:35","slug":"matice-zeme-ii","status":"publish","type":"post","link":"http:\/\/www.landscape-festival.cz\/old\/matice-zeme-ii\/","title":{"rendered":"Matice Zem\u011b II."},"content":{"rendered":"<h5>28\/5 \u2013 30\/9<br \/>\nSmetanovy sady<\/h5>\n<hr \/>\n<p>Matice Zem\u011b II je mlad\u0161\u00ed sestra Matice zem\u011b I, kter\u00e1 se vozila jako alegorick\u00fd\u00a0v\u016fz v pr\u016fvodu kr\u00e1\u010dej\u00edc\u00edho v krajin\u011b dva dny kolem Bud\u010de k poct\u011b sv. V\u00e1clava v roce 2013. V letn\u00edm vedru p\u0159i zast\u00e1vk\u00e1ch ob\u010derstvovala pr\u016fvodn\u00edky gejz\u00edry\u00a0vody ze slam\u011bn\u00fdch prs\u016f. Matice Zem\u011b II bude jen st\u00e1t v parku, mo\u017en\u00e1 i vyst\u0159\u00edkne a pak uvid\u00edme. Po\u00a0vodn\u00edm osv\u011b\u017een\u00ed publika by mohla sho\u0159et tak, jako to \u010dek\u00e1 na\u0161i mati\u010dku zemi v dalek\u00e9 budoucnosti, kdy u\u017e tu, douf\u00e1m, nebudeme.<\/p>\n<hr \/>\n\n\t\t<style type=\"text\/css\">\n\t\t\t#gallery-1 {\n\t\t\t\tmargin: auto;\n\t\t\t}\n\t\t\t#gallery-1 .gallery-item {\n\t\t\t\tfloat: left;\n\t\t\t\tmargin-top: 10px;\n\t\t\t\ttext-align: center;\n\t\t\t\twidth: 20%;\n\t\t\t}\n\t\t\t#gallery-1 img {\n\t\t\t\tborder: 2px solid #cfcfcf;\n\t\t\t}\n\t\t\t#gallery-1 .gallery-caption {\n\t\t\t\tmargin-left: 0;\n\t\t\t}\n\t\t\t\/* see gallery_shortcode() in wp-includes\/media.php *\/\n\t\t<\/style>\n\t\t<div id='gallery-1' class='gallery galleryid-3738 gallery-columns-5 gallery-size-thumbnail'><dl class='gallery-item'>\n\t\t\t<dt class='gallery-icon portrait'>\n\t\t\t\t<a href='https:\/\/www.landscape-festival.cz\/old\/wp-content\/uploads\/2016\/09\/8268.jpg'><img loading=\"lazy\" decoding=\"async\" width=\"150\" height=\"150\" src=\"https:\/\/www.landscape-festival.cz\/old\/wp-content\/uploads\/2016\/09\/8268-150x150.jpg\" class=\"attachment-thumbnail size-thumbnail\" alt=\"\" \/><\/a>\n\t\t\t<\/dt><\/dl><dl class='gallery-item'>\n\t\t\t<dt class='gallery-icon landscape'>\n\t\t\t\t<a href='https:\/\/www.landscape-festival.cz\/old\/wp-content\/uploads\/2016\/09\/8262.jpg'><img loading=\"lazy\" decoding=\"async\" width=\"150\" height=\"150\" src=\"https:\/\/www.landscape-festival.cz\/old\/wp-content\/uploads\/2016\/09\/8262-150x150.jpg\" class=\"attachment-thumbnail size-thumbnail\" alt=\"\" srcset=\"https:\/\/www.landscape-festival.cz\/old\/wp-content\/uploads\/2016\/09\/8262-150x150.jpg 150w, https:\/\/www.landscape-festival.cz\/old\/wp-content\/uploads\/2016\/09\/8262-300x300.jpg 300w, https:\/\/www.landscape-festival.cz\/old\/wp-content\/uploads\/2016\/09\/8262-768x768.jpg 768w, https:\/\/www.landscape-festival.cz\/old\/wp-content\/uploads\/2016\/09\/8262-1024x1024.jpg 1024w, https:\/\/www.landscape-festival.cz\/old\/wp-content\/uploads\/2016\/09\/8262.jpg 1181w\" sizes=\"auto, (max-width: 150px) 100vw, 150px\" \/><\/a>\n\t\t\t<\/dt><\/dl><dl class='gallery-item'>\n\t\t\t<dt class='gallery-icon landscape'>\n\t\t\t\t<a href='https:\/\/www.landscape-festival.cz\/old\/wp-content\/uploads\/2016\/09\/kurt.jpg'><img loading=\"lazy\" decoding=\"async\" width=\"150\" height=\"150\" src=\"https:\/\/www.landscape-festival.cz\/old\/wp-content\/uploads\/2016\/09\/kurt-150x150.jpg\" class=\"attachment-thumbnail size-thumbnail\" alt=\"\" \/><\/a>\n\t\t\t<\/dt><\/dl><dl class='gallery-item'>\n\t\t\t<dt class='gallery-icon landscape'>\n\t\t\t\t<a href='https:\/\/www.landscape-festival.cz\/old\/wp-content\/uploads\/2016\/09\/kurt2.jpg'><img loading=\"lazy\" decoding=\"async\" width=\"150\" height=\"150\" src=\"https:\/\/www.landscape-festival.cz\/old\/wp-content\/uploads\/2016\/09\/kurt2-150x150.jpg\" class=\"attachment-thumbnail size-thumbnail\" alt=\"\" \/><\/a>\n\t\t\t<\/dt><\/dl><dl class='gallery-item'>\n\t\t\t<dt class='gallery-icon landscape'>\n\t\t\t\t<a href='https:\/\/www.landscape-festival.cz\/old\/wp-content\/uploads\/2016\/09\/kurt-dalsi.jpg'><img loading=\"lazy\" decoding=\"async\" width=\"150\" height=\"150\" src=\"https:\/\/www.landscape-festival.cz\/old\/wp-content\/uploads\/2016\/09\/kurt-dalsi-150x150.jpg\" class=\"attachment-thumbnail size-thumbnail\" alt=\"\" \/><\/a>\n\t\t\t<\/dt><\/dl><br style=\"clear: both\" \/>\n\t\t<\/div>\n\n<hr \/>\n","protected":false},"excerpt":{"rendered":"<p>28\/5 \u2013 30\/9 Smetanovy sady Matice Zem\u011b II je mlad\u0161\u00ed sestra Matice zem\u011b I, kter\u00e1 se vozila jako alegorick\u00fd\u00a0v\u016fz v pr\u016fvodu kr\u00e1\u010dej\u00edc\u00edho v krajin\u011b dva dny kolem Bud\u010de k poct\u011b sv. V\u00e1clava v roce 2013. V letn\u00edm vedru p\u0159i zast\u00e1vk\u00e1ch ob\u010derstvovala pr\u016fvodn\u00edky gejz\u00edry\u00a0vody ze slam\u011bn\u00fdch prs\u016f. Matice Zem\u011b II bude jen st\u00e1t v parku, mo\u017en\u00e1 [&hellip;]<\/p>\n","protected":false},"author":3,"featured_media":3915,"comment_status":"closed","ping_status":"closed","sticky":false,"template":"","format":"standard","meta":{"footnotes":""},"categories":[32],"tags":[],"class_list":["post-3738","post","type-post","status-publish","format-standard","has-post-thumbnail","hentry","category-fotogalerie",""],"_links":{"self":[{"href":"http:\/\/www.landscape-festival.cz\/old\/wp-json\/wp\/v2\/posts\/3738","targetHints":{"allow":["GET"]}}],"collection":[{"href":"http:\/\/www.landscape-festival.cz\/old\/wp-json\/wp\/v2\/posts"}],"about":[{"href":"http:\/\/www.landscape-festival.cz\/old\/wp-json\/wp\/v2\/types\/post"}],"author":[{"embeddable":true,"href":"http:\/\/www.landscape-festival.cz\/old\/wp-json\/wp\/v2\/users\/3"}],"replies":[{"embeddable":true,"href":"http:\/\/www.landscape-festival.cz\/old\/wp-json\/wp\/v2\/comments?post=3738"}],"version-history":[{"count":3,"href":"http:\/\/www.landscape-festival.cz\/old\/wp-json\/wp\/v2\/posts\/3738\/revisions"}],"predecessor-version":[{"id":4231,"href":"http:\/\/www.landscape-festival.cz\/old\/wp-json\/wp\/v2\/posts\/3738\/revisions\/4231"}],"wp:featuredmedia":[{"embeddable":true,"href":"http:\/\/www.landscape-festival.cz\/old\/wp-json\/wp\/v2\/media\/3915"}],"wp:attachment":[{"href":"http:\/\/www.landscape-festival.cz\/old\/wp-json\/wp\/v2\/media?parent=3738"}],"wp:term":[{"taxonomy":"category","embeddable":true,"href":"http:\/\/www.landscape-festival.cz\/old\/wp-json\/wp\/v2\/categories?post=3738"},{"taxonomy":"post_tag","embeddable":true,"href":"http:\/\/www.landscape-festival.cz\/old\/wp-json\/wp\/v2\/tags?post=3738"}],"curies":[{"name":"wp","href":"https:\/\/api.w.org\/{rel}","templated":true}]}}