{"id":3719,"date":"2016-09-08T18:04:13","date_gmt":"2016-09-08T16:04:13","guid":{"rendered":"http:\/\/landscape-festival.cz\/?p=3719"},"modified":"2016-11-23T15:57:55","modified_gmt":"2016-11-23T13:57:55","slug":"bloom","status":"publish","type":"post","link":"http:\/\/www.landscape-festival.cz\/old\/bloom\/","title":{"rendered":"Bloom"},"content":{"rendered":"<h5>28\/5 \u2014 30\/9<\/h5>\n<hr \/>\n<h5>design by \/ Alisa Andrasek, Jose Sanchez<br \/>\ninstalace \/ Martina M. Pavelkov\u00e1, Jan Ermis<\/h5>\n<p>V\u00fdrazn\u00e1, syt\u011b r\u016f\u017eov\u00e1 3D skl\u00e1da\u010dka nazvan\u00e1 BLOOM (angl. kv\u011bt) je m\u011bstsk\u00e1\u00a0hra\u010dka ur\u010den\u00e1 pro m\u011bstsk\u00e9 \u201ezahradni\u010den\u00ed\u201c. Umo\u017e\u0148uje skl\u00e1dat komponenty do r\u016fzn\u00fdch tvar\u016f a podoby, do spir\u00e1l, v\u011btv\u00ed nebo kruh\u016f, ale rovn\u011b\u017e je mo\u017en\u00e9\u00a0z n\u00ed slo\u017eit funk\u010dn\u00ed mobili\u00e1\u0159.<\/p>\n<hr \/>\n\n\t\t<style type=\"text\/css\">\n\t\t\t#gallery-1 {\n\t\t\t\tmargin: auto;\n\t\t\t}\n\t\t\t#gallery-1 .gallery-item {\n\t\t\t\tfloat: left;\n\t\t\t\tmargin-top: 10px;\n\t\t\t\ttext-align: center;\n\t\t\t\twidth: 20%;\n\t\t\t}\n\t\t\t#gallery-1 img {\n\t\t\t\tborder: 2px solid #cfcfcf;\n\t\t\t}\n\t\t\t#gallery-1 .gallery-caption {\n\t\t\t\tmargin-left: 0;\n\t\t\t}\n\t\t\t\/* see gallery_shortcode() in wp-includes\/media.php *\/\n\t\t<\/style>\n\t\t<div id='gallery-1' class='gallery galleryid-3719 gallery-columns-5 gallery-size-thumbnail'><dl class='gallery-item'>\n\t\t\t<dt class='gallery-icon landscape'>\n\t\t\t\t<a href='https:\/\/www.landscape-festival.cz\/old\/wp-content\/uploads\/2016\/09\/13466429_253075288394732_1944178970512795043_n.jpg'><img loading=\"lazy\" decoding=\"async\" width=\"150\" height=\"150\" src=\"https:\/\/www.landscape-festival.cz\/old\/wp-content\/uploads\/2016\/09\/13466429_253075288394732_1944178970512795043_n-150x150.jpg\" class=\"attachment-thumbnail size-thumbnail\" alt=\"\" srcset=\"https:\/\/www.landscape-festival.cz\/old\/wp-content\/uploads\/2016\/09\/13466429_253075288394732_1944178970512795043_n-150x150.jpg 150w, https:\/\/www.landscape-festival.cz\/old\/wp-content\/uploads\/2016\/09\/13466429_253075288394732_1944178970512795043_n-300x300.jpg 300w, https:\/\/www.landscape-festival.cz\/old\/wp-content\/uploads\/2016\/09\/13466429_253075288394732_1944178970512795043_n-768x768.jpg 768w, https:\/\/www.landscape-festival.cz\/old\/wp-content\/uploads\/2016\/09\/13466429_253075288394732_1944178970512795043_n.jpg 960w\" sizes=\"auto, (max-width: 150px) 100vw, 150px\" \/><\/a>\n\t\t\t<\/dt><\/dl><dl class='gallery-item'>\n\t\t\t<dt class='gallery-icon portrait'>\n\t\t\t\t<a href='https:\/\/www.landscape-festival.cz\/old\/wp-content\/uploads\/2016\/09\/13308289_10208238752318274_7941510795142269802_o.jpg'><img loading=\"lazy\" decoding=\"async\" width=\"150\" height=\"150\" src=\"https:\/\/www.landscape-festival.cz\/old\/wp-content\/uploads\/2016\/09\/13308289_10208238752318274_7941510795142269802_o-150x150.jpg\" class=\"attachment-thumbnail size-thumbnail\" alt=\"\" \/><\/a>\n\t\t\t<\/dt><\/dl><dl class='gallery-item'>\n\t\t\t<dt class='gallery-icon landscape'>\n\t\t\t\t<a href='https:\/\/www.landscape-festival.cz\/old\/wp-content\/uploads\/2016\/09\/13316812_10208238749238197_4216304731057216566_o.jpg'><img loading=\"lazy\" decoding=\"async\" width=\"150\" height=\"150\" src=\"https:\/\/www.landscape-festival.cz\/old\/wp-content\/uploads\/2016\/09\/13316812_10208238749238197_4216304731057216566_o-150x150.jpg\" class=\"attachment-thumbnail size-thumbnail\" alt=\"\" \/><\/a>\n\t\t\t<\/dt><\/dl><dl class='gallery-item'>\n\t\t\t<dt class='gallery-icon landscape'>\n\t\t\t\t<a href='https:\/\/www.landscape-festival.cz\/old\/wp-content\/uploads\/2016\/09\/13329392_10208238752198271_6084269066899428615_o.jpg'><img loading=\"lazy\" decoding=\"async\" width=\"150\" height=\"150\" src=\"https:\/\/www.landscape-festival.cz\/old\/wp-content\/uploads\/2016\/09\/13329392_10208238752198271_6084269066899428615_o-150x150.jpg\" class=\"attachment-thumbnail size-thumbnail\" alt=\"\" \/><\/a>\n\t\t\t<\/dt><\/dl><dl class='gallery-item'>\n\t\t\t<dt class='gallery-icon landscape'>\n\t\t\t\t<a href='https:\/\/www.landscape-festival.cz\/old\/wp-content\/uploads\/2016\/09\/13329410_10208238750118219_4280396227102574687_o.jpg'><img loading=\"lazy\" decoding=\"async\" width=\"150\" height=\"150\" src=\"https:\/\/www.landscape-festival.cz\/old\/wp-content\/uploads\/2016\/09\/13329410_10208238750118219_4280396227102574687_o-150x150.jpg\" class=\"attachment-thumbnail size-thumbnail\" alt=\"\" \/><\/a>\n\t\t\t<\/dt><\/dl><br style=\"clear: both\" \/><dl class='gallery-item'>\n\t\t\t<dt class='gallery-icon landscape'>\n\t\t\t\t<a href='https:\/\/www.landscape-festival.cz\/old\/wp-content\/uploads\/2016\/09\/13413551_253074275061500_4568673879934677851_n.jpg'><img loading=\"lazy\" decoding=\"async\" width=\"150\" height=\"150\" src=\"https:\/\/www.landscape-festival.cz\/old\/wp-content\/uploads\/2016\/09\/13413551_253074275061500_4568673879934677851_n-150x150.jpg\" class=\"attachment-thumbnail size-thumbnail\" alt=\"\" \/><\/a>\n\t\t\t<\/dt><\/dl><dl class='gallery-item'>\n\t\t\t<dt class='gallery-icon landscape'>\n\t\t\t\t<a href='https:\/\/www.landscape-festival.cz\/old\/wp-content\/uploads\/2016\/09\/13417416_253073705061557_7746384768693473405_n.jpg'><img loading=\"lazy\" decoding=\"async\" width=\"150\" height=\"150\" src=\"https:\/\/www.landscape-festival.cz\/old\/wp-content\/uploads\/2016\/09\/13417416_253073705061557_7746384768693473405_n-150x150.jpg\" class=\"attachment-thumbnail size-thumbnail\" alt=\"\" \/><\/a>\n\t\t\t<\/dt><\/dl><dl class='gallery-item'>\n\t\t\t<dt class='gallery-icon landscape'>\n\t\t\t\t<a href='https:\/\/www.landscape-festival.cz\/old\/wp-content\/uploads\/2016\/09\/13418869_253073815061546_8413130640147298012_n.jpg'><img loading=\"lazy\" decoding=\"async\" width=\"150\" height=\"150\" src=\"https:\/\/www.landscape-festival.cz\/old\/wp-content\/uploads\/2016\/09\/13418869_253073815061546_8413130640147298012_n-150x150.jpg\" class=\"attachment-thumbnail size-thumbnail\" alt=\"\" \/><\/a>\n\t\t\t<\/dt><\/dl><dl class='gallery-item'>\n\t\t\t<dt class='gallery-icon landscape'>\n\t\t\t\t<a href='https:\/\/www.landscape-festival.cz\/old\/wp-content\/uploads\/2016\/09\/13450867_253073695061558_2911475683554856402_n.jpg'><img loading=\"lazy\" decoding=\"async\" width=\"150\" height=\"150\" src=\"https:\/\/www.landscape-festival.cz\/old\/wp-content\/uploads\/2016\/09\/13450867_253073695061558_2911475683554856402_n-150x150.jpg\" class=\"attachment-thumbnail size-thumbnail\" alt=\"\" \/><\/a>\n\t\t\t<\/dt><\/dl><dl class='gallery-item'>\n\t\t\t<dt class='gallery-icon landscape'>\n\t\t\t\t<a href='https:\/\/www.landscape-festival.cz\/old\/wp-content\/uploads\/2016\/09\/13466041_253074375061490_5889934676196460769_n.jpg'><img loading=\"lazy\" decoding=\"async\" width=\"150\" height=\"150\" src=\"https:\/\/www.landscape-festival.cz\/old\/wp-content\/uploads\/2016\/09\/13466041_253074375061490_5889934676196460769_n-150x150.jpg\" class=\"attachment-thumbnail size-thumbnail\" alt=\"\" \/><\/a>\n\t\t\t<\/dt><\/dl><br style=\"clear: both\" \/>\n\t\t<\/div>\n\n<hr \/>\n","protected":false},"excerpt":{"rendered":"<p>28\/5 \u2014 30\/9 design by \/ Alisa Andrasek, Jose Sanchez instalace \/ Martina M. Pavelkov\u00e1, Jan Ermis V\u00fdrazn\u00e1, syt\u011b r\u016f\u017eov\u00e1 3D skl\u00e1da\u010dka nazvan\u00e1 BLOOM (angl. kv\u011bt) je m\u011bstsk\u00e1\u00a0hra\u010dka ur\u010den\u00e1 pro m\u011bstsk\u00e9 \u201ezahradni\u010den\u00ed\u201c. Umo\u017e\u0148uje skl\u00e1dat komponenty do r\u016fzn\u00fdch tvar\u016f a podoby, do spir\u00e1l, v\u011btv\u00ed nebo kruh\u016f, ale rovn\u011b\u017e je mo\u017en\u00e9\u00a0z n\u00ed slo\u017eit funk\u010dn\u00ed mobili\u00e1\u0159.<\/p>\n","protected":false},"author":3,"featured_media":3914,"comment_status":"closed","ping_status":"closed","sticky":false,"template":"","format":"standard","meta":{"footnotes":""},"categories":[32],"tags":[],"class_list":["post-3719","post","type-post","status-publish","format-standard","has-post-thumbnail","hentry","category-fotogalerie",""],"_links":{"self":[{"href":"http:\/\/www.landscape-festival.cz\/old\/wp-json\/wp\/v2\/posts\/3719","targetHints":{"allow":["GET"]}}],"collection":[{"href":"http:\/\/www.landscape-festival.cz\/old\/wp-json\/wp\/v2\/posts"}],"about":[{"href":"http:\/\/www.landscape-festival.cz\/old\/wp-json\/wp\/v2\/types\/post"}],"author":[{"embeddable":true,"href":"http:\/\/www.landscape-festival.cz\/old\/wp-json\/wp\/v2\/users\/3"}],"replies":[{"embeddable":true,"href":"http:\/\/www.landscape-festival.cz\/old\/wp-json\/wp\/v2\/comments?post=3719"}],"version-history":[{"count":4,"href":"http:\/\/www.landscape-festival.cz\/old\/wp-json\/wp\/v2\/posts\/3719\/revisions"}],"predecessor-version":[{"id":4259,"href":"http:\/\/www.landscape-festival.cz\/old\/wp-json\/wp\/v2\/posts\/3719\/revisions\/4259"}],"wp:featuredmedia":[{"embeddable":true,"href":"http:\/\/www.landscape-festival.cz\/old\/wp-json\/wp\/v2\/media\/3914"}],"wp:attachment":[{"href":"http:\/\/www.landscape-festival.cz\/old\/wp-json\/wp\/v2\/media?parent=3719"}],"wp:term":[{"taxonomy":"category","embeddable":true,"href":"http:\/\/www.landscape-festival.cz\/old\/wp-json\/wp\/v2\/categories?post=3719"},{"taxonomy":"post_tag","embeddable":true,"href":"http:\/\/www.landscape-festival.cz\/old\/wp-json\/wp\/v2\/tags?post=3719"}],"curies":[{"name":"wp","href":"https:\/\/api.w.org\/{rel}","templated":true}]}}