{"id":3605,"date":"2016-08-31T14:16:47","date_gmt":"2016-08-31T12:16:47","guid":{"rendered":"http:\/\/landscape-festival.cz\/?p=3605"},"modified":"2016-12-09T15:07:07","modified_gmt":"2016-12-09T13:07:07","slug":"vodarenska-vez","status":"publish","type":"post","link":"http:\/\/www.landscape-festival.cz\/old\/vodarenska-vez\/","title":{"rendered":"Vod\u00e1rensk\u00e1 v\u011b\u017e"},"content":{"rendered":"<h5>27\/8 \u2013 30\/9 \u00a0 v\u00fdstava<br \/>\n26\/8 \u00a0 vernis\u00e1\u017e<br \/>\nVod\u00e1rensk\u00e1 v\u011b\u017e na V\u00fdchodn\u00edm n\u00e1dra\u017e\u00ed<\/h5>\n<hr \/>\n<h5>INDUSTRI\u00c1LN\u00cd TOPOGRAFIE \u2013 ARCHITEKTURA KONVERZ\u00cd \u010cR 2005-2015<\/h5>\n<p>V\u00fdstava \u00fasp\u011b\u0161n\u00fdch prom\u011bn industri\u00e1ln\u00edch objekt\u016f pro nov\u00e9 vyu\u017eit\u00ed, kter\u00e1 byla p\u0159ipravena ve spolupr\u00e1ci s V\u00fdzkumn\u00fdm centrem pr\u016fmyslov\u00e9ho d\u011bdictv\u00ed FA \u010cVUT v Praze, veden\u00e9ho Benjaminem Fragnerem.<\/p>\n<hr \/>\n\n\t\t<style type=\"text\/css\">\n\t\t\t#gallery-1 {\n\t\t\t\tmargin: auto;\n\t\t\t}\n\t\t\t#gallery-1 .gallery-item {\n\t\t\t\tfloat: left;\n\t\t\t\tmargin-top: 10px;\n\t\t\t\ttext-align: center;\n\t\t\t\twidth: 20%;\n\t\t\t}\n\t\t\t#gallery-1 img {\n\t\t\t\tborder: 2px solid #cfcfcf;\n\t\t\t}\n\t\t\t#gallery-1 .gallery-caption {\n\t\t\t\tmargin-left: 0;\n\t\t\t}\n\t\t\t\/* see gallery_shortcode() in wp-includes\/media.php *\/\n\t\t<\/style>\n\t\t<div id='gallery-1' class='gallery galleryid-3605 gallery-columns-5 gallery-size-thumbnail'><dl class='gallery-item'>\n\t\t\t<dt class='gallery-icon landscape'>\n\t\t\t\t<a href='https:\/\/www.landscape-festival.cz\/old\/wp-content\/uploads\/2016\/05\/P8260401.jpg'><img loading=\"lazy\" decoding=\"async\" width=\"150\" height=\"150\" src=\"https:\/\/www.landscape-festival.cz\/old\/wp-content\/uploads\/2016\/05\/P8260401-150x150.jpg\" class=\"attachment-thumbnail size-thumbnail\" alt=\"\" \/><\/a>\n\t\t\t<\/dt><\/dl><dl class='gallery-item'>\n\t\t\t<dt class='gallery-icon portrait'>\n\t\t\t\t<a href='https:\/\/www.landscape-festival.cz\/old\/wp-content\/uploads\/2016\/05\/P8260388.jpg'><img loading=\"lazy\" decoding=\"async\" width=\"150\" height=\"150\" src=\"https:\/\/www.landscape-festival.cz\/old\/wp-content\/uploads\/2016\/05\/P8260388-150x150.jpg\" class=\"attachment-thumbnail size-thumbnail\" alt=\"\" \/><\/a>\n\t\t\t<\/dt><\/dl><dl class='gallery-item'>\n\t\t\t<dt class='gallery-icon landscape'>\n\t\t\t\t<a href='https:\/\/www.landscape-festival.cz\/old\/wp-content\/uploads\/2016\/05\/P8260376.jpg'><img loading=\"lazy\" decoding=\"async\" width=\"150\" height=\"150\" src=\"https:\/\/www.landscape-festival.cz\/old\/wp-content\/uploads\/2016\/05\/P8260376-150x150.jpg\" class=\"attachment-thumbnail size-thumbnail\" alt=\"\" \/><\/a>\n\t\t\t<\/dt><\/dl><dl class='gallery-item'>\n\t\t\t<dt class='gallery-icon landscape'>\n\t\t\t\t<a href='https:\/\/www.landscape-festival.cz\/old\/wp-content\/uploads\/2016\/05\/P8260318.jpg'><img loading=\"lazy\" decoding=\"async\" width=\"150\" height=\"150\" src=\"https:\/\/www.landscape-festival.cz\/old\/wp-content\/uploads\/2016\/05\/P8260318-150x150.jpg\" class=\"attachment-thumbnail size-thumbnail\" alt=\"\" \/><\/a>\n\t\t\t<\/dt><\/dl><dl class='gallery-item'>\n\t\t\t<dt class='gallery-icon landscape'>\n\t\t\t\t<a href='https:\/\/www.landscape-festival.cz\/old\/wp-content\/uploads\/2016\/05\/P8260304.jpg'><img loading=\"lazy\" decoding=\"async\" width=\"150\" height=\"150\" src=\"https:\/\/www.landscape-festival.cz\/old\/wp-content\/uploads\/2016\/05\/P8260304-150x150.jpg\" class=\"attachment-thumbnail size-thumbnail\" alt=\"\" \/><\/a>\n\t\t\t<\/dt><\/dl><br style=\"clear: both\" \/><dl class='gallery-item'>\n\t\t\t<dt class='gallery-icon portrait'>\n\t\t\t\t<a href='https:\/\/www.landscape-festival.cz\/old\/wp-content\/uploads\/2016\/05\/P8260290.jpg'><img loading=\"lazy\" decoding=\"async\" width=\"150\" height=\"150\" src=\"https:\/\/www.landscape-festival.cz\/old\/wp-content\/uploads\/2016\/05\/P8260290-150x150.jpg\" class=\"attachment-thumbnail size-thumbnail\" alt=\"\" \/><\/a>\n\t\t\t<\/dt><\/dl><dl class='gallery-item'>\n\t\t\t<dt class='gallery-icon landscape'>\n\t\t\t\t<a href='https:\/\/www.landscape-festival.cz\/old\/wp-content\/uploads\/2016\/05\/P8260326.jpg'><img loading=\"lazy\" decoding=\"async\" width=\"150\" height=\"150\" src=\"https:\/\/www.landscape-festival.cz\/old\/wp-content\/uploads\/2016\/05\/P8260326-150x150.jpg\" class=\"attachment-thumbnail size-thumbnail\" alt=\"\" \/><\/a>\n\t\t\t<\/dt><\/dl><dl class='gallery-item'>\n\t\t\t<dt class='gallery-icon landscape'>\n\t\t\t\t<a href='https:\/\/www.landscape-festival.cz\/old\/wp-content\/uploads\/2016\/05\/P8260330.jpg'><img loading=\"lazy\" decoding=\"async\" width=\"150\" height=\"150\" src=\"https:\/\/www.landscape-festival.cz\/old\/wp-content\/uploads\/2016\/05\/P8260330-150x150.jpg\" class=\"attachment-thumbnail size-thumbnail\" alt=\"\" \/><\/a>\n\t\t\t<\/dt><\/dl><dl class='gallery-item'>\n\t\t\t<dt class='gallery-icon portrait'>\n\t\t\t\t<a href='https:\/\/www.landscape-festival.cz\/old\/wp-content\/uploads\/2016\/05\/P8260364.jpg'><img loading=\"lazy\" decoding=\"async\" width=\"150\" height=\"150\" src=\"https:\/\/www.landscape-festival.cz\/old\/wp-content\/uploads\/2016\/05\/P8260364-150x150.jpg\" class=\"attachment-thumbnail size-thumbnail\" alt=\"\" \/><\/a>\n\t\t\t<\/dt><\/dl><dl class='gallery-item'>\n\t\t\t<dt class='gallery-icon landscape'>\n\t\t\t\t<a href='https:\/\/www.landscape-festival.cz\/old\/wp-content\/uploads\/2016\/05\/P8260358.jpg'><img loading=\"lazy\" decoding=\"async\" width=\"150\" height=\"150\" src=\"https:\/\/www.landscape-festival.cz\/old\/wp-content\/uploads\/2016\/05\/P8260358-150x150.jpg\" class=\"attachment-thumbnail size-thumbnail\" alt=\"\" \/><\/a>\n\t\t\t<\/dt><\/dl><br style=\"clear: both\" \/>\n\t\t<\/div>\n\n<hr \/>\n<p><iframe loading=\"lazy\" title=\"Landscape festival Opava 2016 \u2013 Polootevreno\" width=\"600\" height=\"338\" src=\"https:\/\/www.youtube.com\/embed\/NgXbCLePU58?feature=oembed\" frameborder=\"0\" allow=\"accelerometer; autoplay; clipboard-write; encrypted-media; gyroscope; picture-in-picture; web-share\" referrerpolicy=\"strict-origin-when-cross-origin\" allowfullscreen><\/iframe><\/p>\n<h5>Fotografie z vernis\u00e1\u017ee 26\/8\/2016.<\/h5>\n\n\t\t<style type=\"text\/css\">\n\t\t\t#gallery-2 {\n\t\t\t\tmargin: auto;\n\t\t\t}\n\t\t\t#gallery-2 .gallery-item {\n\t\t\t\tfloat: left;\n\t\t\t\tmargin-top: 10px;\n\t\t\t\ttext-align: center;\n\t\t\t\twidth: 20%;\n\t\t\t}\n\t\t\t#gallery-2 img {\n\t\t\t\tborder: 2px solid #cfcfcf;\n\t\t\t}\n\t\t\t#gallery-2 .gallery-caption {\n\t\t\t\tmargin-left: 0;\n\t\t\t}\n\t\t\t\/* see gallery_shortcode() in wp-includes\/media.php *\/\n\t\t<\/style>\n\t\t<div id='gallery-2' class='gallery galleryid-3605 gallery-columns-5 gallery-size-thumbnail'><dl class='gallery-item'>\n\t\t\t<dt class='gallery-icon portrait'>\n\t\t\t\t<a href='https:\/\/www.landscape-festival.cz\/old\/wp-content\/uploads\/2016\/05\/P8260505.jpg'><img loading=\"lazy\" decoding=\"async\" width=\"150\" height=\"150\" src=\"https:\/\/www.landscape-festival.cz\/old\/wp-content\/uploads\/2016\/05\/P8260505-150x150.jpg\" class=\"attachment-thumbnail size-thumbnail\" alt=\"\" \/><\/a>\n\t\t\t<\/dt><\/dl><dl class='gallery-item'>\n\t\t\t<dt class='gallery-icon landscape'>\n\t\t\t\t<a href='https:\/\/www.landscape-festival.cz\/old\/wp-content\/uploads\/2016\/05\/P8260497.jpg'><img loading=\"lazy\" decoding=\"async\" width=\"150\" height=\"150\" src=\"https:\/\/www.landscape-festival.cz\/old\/wp-content\/uploads\/2016\/05\/P8260497-150x150.jpg\" class=\"attachment-thumbnail size-thumbnail\" alt=\"\" \/><\/a>\n\t\t\t<\/dt><\/dl><dl class='gallery-item'>\n\t\t\t<dt class='gallery-icon portrait'>\n\t\t\t\t<a href='https:\/\/www.landscape-festival.cz\/old\/wp-content\/uploads\/2016\/05\/P8260458.jpg'><img loading=\"lazy\" decoding=\"async\" width=\"150\" height=\"150\" src=\"https:\/\/www.landscape-festival.cz\/old\/wp-content\/uploads\/2016\/05\/P8260458-150x150.jpg\" class=\"attachment-thumbnail size-thumbnail\" alt=\"\" \/><\/a>\n\t\t\t<\/dt><\/dl><dl class='gallery-item'>\n\t\t\t<dt class='gallery-icon landscape'>\n\t\t\t\t<a href='https:\/\/www.landscape-festival.cz\/old\/wp-content\/uploads\/2016\/05\/P8260514.jpg'><img loading=\"lazy\" decoding=\"async\" width=\"150\" height=\"150\" src=\"https:\/\/www.landscape-festival.cz\/old\/wp-content\/uploads\/2016\/05\/P8260514-150x150.jpg\" class=\"attachment-thumbnail size-thumbnail\" alt=\"\" \/><\/a>\n\t\t\t<\/dt><\/dl><dl class='gallery-item'>\n\t\t\t<dt class='gallery-icon landscape'>\n\t\t\t\t<a href='https:\/\/www.landscape-festival.cz\/old\/wp-content\/uploads\/2016\/05\/P8260509.jpg'><img loading=\"lazy\" decoding=\"async\" width=\"150\" height=\"150\" src=\"https:\/\/www.landscape-festival.cz\/old\/wp-content\/uploads\/2016\/05\/P8260509-150x150.jpg\" class=\"attachment-thumbnail size-thumbnail\" alt=\"\" \/><\/a>\n\t\t\t<\/dt><\/dl><br style=\"clear: both\" \/><dl class='gallery-item'>\n\t\t\t<dt class='gallery-icon portrait'>\n\t\t\t\t<a href='https:\/\/www.landscape-festival.cz\/old\/wp-content\/uploads\/2016\/05\/P8260471.jpg'><img loading=\"lazy\" decoding=\"async\" width=\"150\" height=\"150\" src=\"https:\/\/www.landscape-festival.cz\/old\/wp-content\/uploads\/2016\/05\/P8260471-150x150.jpg\" class=\"attachment-thumbnail size-thumbnail\" alt=\"\" \/><\/a>\n\t\t\t<\/dt><\/dl><dl class='gallery-item'>\n\t\t\t<dt class='gallery-icon landscape'>\n\t\t\t\t<a href='https:\/\/www.landscape-festival.cz\/old\/wp-content\/uploads\/2016\/05\/P8260518.jpg'><img loading=\"lazy\" decoding=\"async\" width=\"150\" height=\"150\" src=\"https:\/\/www.landscape-festival.cz\/old\/wp-content\/uploads\/2016\/05\/P8260518-150x150.jpg\" class=\"attachment-thumbnail size-thumbnail\" alt=\"\" \/><\/a>\n\t\t\t<\/dt><\/dl><dl class='gallery-item'>\n\t\t\t<dt class='gallery-icon landscape'>\n\t\t\t\t<a href='https:\/\/www.landscape-festival.cz\/old\/wp-content\/uploads\/2016\/05\/P8260465.jpg'><img loading=\"lazy\" decoding=\"async\" width=\"150\" height=\"150\" src=\"https:\/\/www.landscape-festival.cz\/old\/wp-content\/uploads\/2016\/05\/P8260465-150x150.jpg\" class=\"attachment-thumbnail size-thumbnail\" alt=\"\" \/><\/a>\n\t\t\t<\/dt><\/dl><dl class='gallery-item'>\n\t\t\t<dt class='gallery-icon portrait'>\n\t\t\t\t<a href='https:\/\/www.landscape-festival.cz\/old\/wp-content\/uploads\/2016\/05\/P8260467.jpg'><img loading=\"lazy\" decoding=\"async\" width=\"150\" height=\"150\" src=\"https:\/\/www.landscape-festival.cz\/old\/wp-content\/uploads\/2016\/05\/P8260467-150x150.jpg\" class=\"attachment-thumbnail size-thumbnail\" alt=\"\" \/><\/a>\n\t\t\t<\/dt><\/dl><dl class='gallery-item'>\n\t\t\t<dt class='gallery-icon portrait'>\n\t\t\t\t<a href='https:\/\/www.landscape-festival.cz\/old\/wp-content\/uploads\/2016\/05\/P8260473.jpg'><img loading=\"lazy\" decoding=\"async\" width=\"150\" height=\"150\" src=\"https:\/\/www.landscape-festival.cz\/old\/wp-content\/uploads\/2016\/05\/P8260473-150x150.jpg\" class=\"attachment-thumbnail size-thumbnail\" alt=\"\" \/><\/a>\n\t\t\t<\/dt><\/dl><br style=\"clear: both\" \/>\n\t\t<\/div>\n\n<hr \/>\n","protected":false},"excerpt":{"rendered":"<p>27\/8 \u2013 30\/9 \u00a0 v\u00fdstava 26\/8 \u00a0 vernis\u00e1\u017e Vod\u00e1rensk\u00e1 v\u011b\u017e na V\u00fdchodn\u00edm n\u00e1dra\u017e\u00ed INDUSTRI\u00c1LN\u00cd TOPOGRAFIE \u2013 ARCHITEKTURA KONVERZ\u00cd \u010cR 2005-2015 V\u00fdstava \u00fasp\u011b\u0161n\u00fdch prom\u011bn industri\u00e1ln\u00edch objekt\u016f pro nov\u00e9 vyu\u017eit\u00ed, kter\u00e1 byla p\u0159ipravena ve spolupr\u00e1ci s V\u00fdzkumn\u00fdm centrem pr\u016fmyslov\u00e9ho d\u011bdictv\u00ed FA \u010cVUT v Praze, veden\u00e9ho Benjaminem Fragnerem. Fotografie z vernis\u00e1\u017ee 26\/8\/2016.<\/p>\n","protected":false},"author":1,"featured_media":3570,"comment_status":"closed","ping_status":"closed","sticky":false,"template":"","format":"standard","meta":{"footnotes":""},"categories":[32],"tags":[],"class_list":["post-3605","post","type-post","status-publish","format-standard","has-post-thumbnail","hentry","category-fotogalerie",""],"_links":{"self":[{"href":"http:\/\/www.landscape-festival.cz\/old\/wp-json\/wp\/v2\/posts\/3605","targetHints":{"allow":["GET"]}}],"collection":[{"href":"http:\/\/www.landscape-festival.cz\/old\/wp-json\/wp\/v2\/posts"}],"about":[{"href":"http:\/\/www.landscape-festival.cz\/old\/wp-json\/wp\/v2\/types\/post"}],"author":[{"embeddable":true,"href":"http:\/\/www.landscape-festival.cz\/old\/wp-json\/wp\/v2\/users\/1"}],"replies":[{"embeddable":true,"href":"http:\/\/www.landscape-festival.cz\/old\/wp-json\/wp\/v2\/comments?post=3605"}],"version-history":[{"count":8,"href":"http:\/\/www.landscape-festival.cz\/old\/wp-json\/wp\/v2\/posts\/3605\/revisions"}],"predecessor-version":[{"id":4680,"href":"http:\/\/www.landscape-festival.cz\/old\/wp-json\/wp\/v2\/posts\/3605\/revisions\/4680"}],"wp:featuredmedia":[{"embeddable":true,"href":"http:\/\/www.landscape-festival.cz\/old\/wp-json\/wp\/v2\/media\/3570"}],"wp:attachment":[{"href":"http:\/\/www.landscape-festival.cz\/old\/wp-json\/wp\/v2\/media?parent=3605"}],"wp:term":[{"taxonomy":"category","embeddable":true,"href":"http:\/\/www.landscape-festival.cz\/old\/wp-json\/wp\/v2\/categories?post=3605"},{"taxonomy":"post_tag","embeddable":true,"href":"http:\/\/www.landscape-festival.cz\/old\/wp-json\/wp\/v2\/tags?post=3605"}],"curies":[{"name":"wp","href":"https:\/\/api.w.org\/{rel}","templated":true}]}}