{"id":3516,"date":"2016-07-01T15:26:08","date_gmt":"2016-07-01T13:26:08","guid":{"rendered":"http:\/\/landscape-festival.cz\/?p=3516"},"modified":"2016-11-23T16:11:16","modified_gmt":"2016-11-23T14:11:16","slug":"soucasna-umelecka-dila-v-krajine-a-hradecky-slunovrat","status":"publish","type":"post","link":"http:\/\/www.landscape-festival.cz\/old\/soucasna-umelecka-dila-v-krajine-a-hradecky-slunovrat\/","title":{"rendered":"Sou\u010dasn\u00e1 um\u011bleck\u00e1 d\u00edla v krajin\u011b a Hradeck\u00fd Slunovrat"},"content":{"rendered":"<h5>10\/6 \u2014 30\/6<br \/>\n25\/6\u00a0komentovan\u00e1 prohl\u00eddka<br \/>\nn\u00e1dvo\u0159\u00ed z\u00e1mku Hradec nad Moravic\u00ed<\/h5>\n<hr \/>\n<h5>SOU\u010cASN\u00c1 UM\u011aLECK\u00c1 D\u00cdLA V KRAJIN\u011a<\/h5>\n<p>V\u00fdstava o sou\u010dasn\u00fdch um\u011bleck\u00fdch d\u00edlech v krajin\u011b, p\u0159ipraven\u00e1 socha\u0159kou, geologem a histori\u010dkou um\u011bn\u00ed.<\/p>\n\n\t\t<style type=\"text\/css\">\n\t\t\t#gallery-1 {\n\t\t\t\tmargin: auto;\n\t\t\t}\n\t\t\t#gallery-1 .gallery-item {\n\t\t\t\tfloat: left;\n\t\t\t\tmargin-top: 10px;\n\t\t\t\ttext-align: center;\n\t\t\t\twidth: 20%;\n\t\t\t}\n\t\t\t#gallery-1 img {\n\t\t\t\tborder: 2px solid #cfcfcf;\n\t\t\t}\n\t\t\t#gallery-1 .gallery-caption {\n\t\t\t\tmargin-left: 0;\n\t\t\t}\n\t\t\t\/* see gallery_shortcode() in wp-includes\/media.php *\/\n\t\t<\/style>\n\t\t<div id='gallery-1' class='gallery galleryid-3516 gallery-columns-5 gallery-size-thumbnail'><dl class='gallery-item'>\n\t\t\t<dt class='gallery-icon landscape'>\n\t\t\t\t<a href='https:\/\/www.landscape-festival.cz\/old\/wp-content\/uploads\/2016\/06\/Dagmar-\u0160ubrtov\u00e1-Tan\u010d\u00edc\u00ed-tr\u00e1va-1996-Mari\u00e1nsk\u00e9-L\u00e1zn\u011b-foto-autorka.jpg'><img loading=\"lazy\" decoding=\"async\" width=\"150\" height=\"150\" src=\"https:\/\/www.landscape-festival.cz\/old\/wp-content\/uploads\/2016\/06\/Dagmar-\u0160ubrtov\u00e1-Tan\u010d\u00edc\u00ed-tr\u00e1va-1996-Mari\u00e1nsk\u00e9-L\u00e1zn\u011b-foto-autorka-150x150.jpg\" class=\"attachment-thumbnail size-thumbnail\" alt=\"\" aria-describedby=\"gallery-1-3508\" \/><\/a>\n\t\t\t<\/dt>\n\t\t\t\t<dd class='wp-caption-text gallery-caption' id='gallery-1-3508'>\n\t\t\t\tDagmar \u0160ubrtov\u00e1, Tan\u010d\u00edc\u00ed tr\u00e1va, 1996, Mari\u00e1nsk\u00e9 L\u00e1zn\u011b, foto autorka\n\t\t\t\t<\/dd><\/dl><dl class='gallery-item'>\n\t\t\t<dt class='gallery-icon landscape'>\n\t\t\t\t<a href='https:\/\/www.landscape-festival.cz\/old\/wp-content\/uploads\/2016\/06\/Jan-Krti\u010dka-Labyrint-2001-foto-autor.jpg'><img loading=\"lazy\" decoding=\"async\" width=\"150\" height=\"150\" src=\"https:\/\/www.landscape-festival.cz\/old\/wp-content\/uploads\/2016\/06\/Jan-Krti\u010dka-Labyrint-2001-foto-autor-150x150.jpg\" class=\"attachment-thumbnail size-thumbnail\" alt=\"\" aria-describedby=\"gallery-1-3509\" \/><\/a>\n\t\t\t<\/dt>\n\t\t\t\t<dd class='wp-caption-text gallery-caption' id='gallery-1-3509'>\n\t\t\t\tJan Krti\u010dka, Labyrint, 2001, foto autor\n\t\t\t\t<\/dd><\/dl><dl class='gallery-item'>\n\t\t\t<dt class='gallery-icon landscape'>\n\t\t\t\t<a href='https:\/\/www.landscape-festival.cz\/old\/wp-content\/uploads\/2016\/06\/Martin-Zet-Saluto-Romano-2005-Martin\u011bves-foto-archiv-autora.jpg'><img loading=\"lazy\" decoding=\"async\" width=\"150\" height=\"150\" src=\"https:\/\/www.landscape-festival.cz\/old\/wp-content\/uploads\/2016\/06\/Martin-Zet-Saluto-Romano-2005-Martin\u011bves-foto-archiv-autora-150x150.jpg\" class=\"attachment-thumbnail size-thumbnail\" alt=\"\" aria-describedby=\"gallery-1-3510\" \/><\/a>\n\t\t\t<\/dt>\n\t\t\t\t<dd class='wp-caption-text gallery-caption' id='gallery-1-3510'>\n\t\t\t\tMartin Zet, Saluto Romano, 2005, Martin\u011bves, foto archiv autora\n\t\t\t\t<\/dd><\/dl><dl class='gallery-item'>\n\t\t\t<dt class='gallery-icon landscape'>\n\t\t\t\t<a href='https:\/\/www.landscape-festival.cz\/old\/wp-content\/uploads\/2016\/06\/Milo\u0161-\u0160ejn-Slune\u010dn\u00ed-hora-2014-D\u016fm-p\u0159\u00edrody-Litovelsk\u00e9ho-Pomorav\u00ed-Slu\u0148\u00e1kov-Horka-nad-Moravou-foto-autor.jpg'><img loading=\"lazy\" decoding=\"async\" width=\"150\" height=\"150\" src=\"https:\/\/www.landscape-festival.cz\/old\/wp-content\/uploads\/2016\/06\/Milo\u0161-\u0160ejn-Slune\u010dn\u00ed-hora-2014-D\u016fm-p\u0159\u00edrody-Litovelsk\u00e9ho-Pomorav\u00ed-Slu\u0148\u00e1kov-Horka-nad-Moravou-foto-autor-150x150.jpg\" class=\"attachment-thumbnail size-thumbnail\" alt=\"\" aria-describedby=\"gallery-1-3511\" \/><\/a>\n\t\t\t<\/dt>\n\t\t\t\t<dd class='wp-caption-text gallery-caption' id='gallery-1-3511'>\n\t\t\t\tMilo\u0161 \u0160ejn, Slune\u010dn\u00ed hora, 2014, D\u016fm p\u0159\u00edrody Litovelsk\u00e9ho Pomorav\u00ed &#8211; Slu\u0148\u00e1kov, Horka nad Moravou, foto autor\n\t\t\t\t<\/dd><\/dl><dl class='gallery-item'>\n\t\t\t<dt class='gallery-icon landscape'>\n\t\t\t\t<a href='https:\/\/www.landscape-festival.cz\/old\/wp-content\/uploads\/2016\/06\/Petr-Stibral-Kruhy-2011-okol\u00ed-Krem\u017ee-foto-autor.jpg'><img loading=\"lazy\" decoding=\"async\" width=\"150\" height=\"150\" src=\"https:\/\/www.landscape-festival.cz\/old\/wp-content\/uploads\/2016\/06\/Petr-Stibral-Kruhy-2011-okol\u00ed-Krem\u017ee-foto-autor-150x150.jpg\" class=\"attachment-thumbnail size-thumbnail\" alt=\"\" aria-describedby=\"gallery-1-3512\" \/><\/a>\n\t\t\t<\/dt>\n\t\t\t\t<dd class='wp-caption-text gallery-caption' id='gallery-1-3512'>\n\t\t\t\tPetr Stibral, Kruhy, 2011, okol\u00ed Krem\u017ee, foto autor\n\t\t\t\t<\/dd><\/dl><br style=\"clear: both\" \/>\n\t\t<\/div>\n\n<hr \/>\n<h5>Fotografie z 25\/6\/2016.<\/h5>\n\n\t\t<style type=\"text\/css\">\n\t\t\t#gallery-2 {\n\t\t\t\tmargin: auto;\n\t\t\t}\n\t\t\t#gallery-2 .gallery-item {\n\t\t\t\tfloat: left;\n\t\t\t\tmargin-top: 10px;\n\t\t\t\ttext-align: center;\n\t\t\t\twidth: 20%;\n\t\t\t}\n\t\t\t#gallery-2 img {\n\t\t\t\tborder: 2px solid #cfcfcf;\n\t\t\t}\n\t\t\t#gallery-2 .gallery-caption {\n\t\t\t\tmargin-left: 0;\n\t\t\t}\n\t\t\t\/* see gallery_shortcode() in wp-includes\/media.php *\/\n\t\t<\/style>\n\t\t<div id='gallery-2' class='gallery galleryid-3516 gallery-columns-5 gallery-size-thumbnail'><dl class='gallery-item'>\n\t\t\t<dt class='gallery-icon landscape'>\n\t\t\t\t<a href='https:\/\/www.landscape-festival.cz\/old\/wp-content\/uploads\/2016\/07\/DSCN0651.jpg'><img loading=\"lazy\" decoding=\"async\" width=\"150\" height=\"150\" src=\"https:\/\/www.landscape-festival.cz\/old\/wp-content\/uploads\/2016\/07\/DSCN0651-150x150.jpg\" class=\"attachment-thumbnail size-thumbnail\" alt=\"\" \/><\/a>\n\t\t\t<\/dt><\/dl><dl class='gallery-item'>\n\t\t\t<dt class='gallery-icon landscape'>\n\t\t\t\t<a href='https:\/\/www.landscape-festival.cz\/old\/wp-content\/uploads\/2016\/07\/DSCN0655.jpg'><img loading=\"lazy\" decoding=\"async\" width=\"150\" height=\"150\" src=\"https:\/\/www.landscape-festival.cz\/old\/wp-content\/uploads\/2016\/07\/DSCN0655-150x150.jpg\" class=\"attachment-thumbnail size-thumbnail\" alt=\"\" \/><\/a>\n\t\t\t<\/dt><\/dl><dl class='gallery-item'>\n\t\t\t<dt class='gallery-icon portrait'>\n\t\t\t\t<a href='https:\/\/www.landscape-festival.cz\/old\/wp-content\/uploads\/2016\/07\/DSCN0659-e1467379114582.jpg'><img loading=\"lazy\" decoding=\"async\" width=\"150\" height=\"150\" src=\"https:\/\/www.landscape-festival.cz\/old\/wp-content\/uploads\/2016\/07\/DSCN0659-e1467379114582-150x150.jpg\" class=\"attachment-thumbnail size-thumbnail\" alt=\"\" aria-describedby=\"gallery-2-3520\" \/><\/a>\n\t\t\t<\/dt>\n\t\t\t\t<dd class='wp-caption-text gallery-caption' id='gallery-2-3520'>\n\t\t\t\tKurt Gebauer \u2014 Sen o l\u00e9t\u00e1n\u00ed\n\t\t\t\t<\/dd><\/dl><dl class='gallery-item'>\n\t\t\t<dt class='gallery-icon landscape'>\n\t\t\t\t<a href='https:\/\/www.landscape-festival.cz\/old\/wp-content\/uploads\/2016\/07\/DSCN0640.jpg'><img loading=\"lazy\" decoding=\"async\" width=\"150\" height=\"150\" src=\"https:\/\/www.landscape-festival.cz\/old\/wp-content\/uploads\/2016\/07\/DSCN0640-150x150.jpg\" class=\"attachment-thumbnail size-thumbnail\" alt=\"\" aria-describedby=\"gallery-2-3517\" \/><\/a>\n\t\t\t<\/dt>\n\t\t\t\t<dd class='wp-caption-text gallery-caption' id='gallery-2-3517'>\n\t\t\t\tKurt Gebauer \u2014 Sen o l\u00e9t\u00e1n\u00ed\n\t\t\t\t<\/dd><\/dl><dl class='gallery-item'>\n\t\t\t<dt class='gallery-icon landscape'>\n\t\t\t\t<a href='https:\/\/www.landscape-festival.cz\/old\/wp-content\/uploads\/2016\/07\/DSCN0675.jpg'><img loading=\"lazy\" decoding=\"async\" width=\"150\" height=\"150\" src=\"https:\/\/www.landscape-festival.cz\/old\/wp-content\/uploads\/2016\/07\/DSCN0675-150x150.jpg\" class=\"attachment-thumbnail size-thumbnail\" alt=\"\" \/><\/a>\n\t\t\t<\/dt><\/dl><br style=\"clear: both\" \/><dl class='gallery-item'>\n\t\t\t<dt class='gallery-icon landscape'>\n\t\t\t\t<a href='https:\/\/www.landscape-festival.cz\/old\/wp-content\/uploads\/2016\/07\/DSCN0695.jpg'><img loading=\"lazy\" decoding=\"async\" width=\"150\" height=\"150\" src=\"https:\/\/www.landscape-festival.cz\/old\/wp-content\/uploads\/2016\/07\/DSCN0695-150x150.jpg\" class=\"attachment-thumbnail size-thumbnail\" alt=\"\" \/><\/a>\n\t\t\t<\/dt><\/dl><dl class='gallery-item'>\n\t\t\t<dt class='gallery-icon landscape'>\n\t\t\t\t<a href='https:\/\/www.landscape-festival.cz\/old\/wp-content\/uploads\/2016\/07\/DSCN0697.jpg'><img loading=\"lazy\" decoding=\"async\" width=\"150\" height=\"150\" src=\"https:\/\/www.landscape-festival.cz\/old\/wp-content\/uploads\/2016\/07\/DSCN0697-150x150.jpg\" class=\"attachment-thumbnail size-thumbnail\" alt=\"\" \/><\/a>\n\t\t\t<\/dt><\/dl><dl class='gallery-item'>\n\t\t\t<dt class='gallery-icon landscape'>\n\t\t\t\t<a href='https:\/\/www.landscape-festival.cz\/old\/wp-content\/uploads\/2016\/07\/DSCN0699.jpg'><img loading=\"lazy\" decoding=\"async\" width=\"150\" height=\"150\" src=\"https:\/\/www.landscape-festival.cz\/old\/wp-content\/uploads\/2016\/07\/DSCN0699-150x150.jpg\" class=\"attachment-thumbnail size-thumbnail\" alt=\"\" \/><\/a>\n\t\t\t<\/dt><\/dl><dl class='gallery-item'>\n\t\t\t<dt class='gallery-icon landscape'>\n\t\t\t\t<a href='https:\/\/www.landscape-festival.cz\/old\/wp-content\/uploads\/2016\/07\/DSCN0700.jpg'><img loading=\"lazy\" decoding=\"async\" width=\"150\" height=\"150\" src=\"https:\/\/www.landscape-festival.cz\/old\/wp-content\/uploads\/2016\/07\/DSCN0700-150x150.jpg\" class=\"attachment-thumbnail size-thumbnail\" alt=\"\" \/><\/a>\n\t\t\t<\/dt><\/dl><dl class='gallery-item'>\n\t\t\t<dt class='gallery-icon landscape'>\n\t\t\t\t<a href='https:\/\/www.landscape-festival.cz\/old\/wp-content\/uploads\/2016\/07\/DSCN0713.jpg'><img loading=\"lazy\" decoding=\"async\" width=\"150\" height=\"150\" src=\"https:\/\/www.landscape-festival.cz\/old\/wp-content\/uploads\/2016\/07\/DSCN0713-150x150.jpg\" class=\"attachment-thumbnail size-thumbnail\" alt=\"\" \/><\/a>\n\t\t\t<\/dt><\/dl><br style=\"clear: both\" \/><dl class='gallery-item'>\n\t\t\t<dt class='gallery-icon landscape'>\n\t\t\t\t<a href='https:\/\/www.landscape-festival.cz\/old\/wp-content\/uploads\/2016\/07\/DSCN0743.jpg'><img loading=\"lazy\" decoding=\"async\" width=\"150\" height=\"150\" src=\"https:\/\/www.landscape-festival.cz\/old\/wp-content\/uploads\/2016\/07\/DSCN0743-150x150.jpg\" class=\"attachment-thumbnail size-thumbnail\" alt=\"\" \/><\/a>\n\t\t\t<\/dt><\/dl><dl class='gallery-item'>\n\t\t\t<dt class='gallery-icon landscape'>\n\t\t\t\t<a href='https:\/\/www.landscape-festival.cz\/old\/wp-content\/uploads\/2016\/07\/DSCN0705.jpg'><img loading=\"lazy\" decoding=\"async\" width=\"150\" height=\"150\" src=\"https:\/\/www.landscape-festival.cz\/old\/wp-content\/uploads\/2016\/07\/DSCN0705-150x150.jpg\" class=\"attachment-thumbnail size-thumbnail\" alt=\"\" \/><\/a>\n\t\t\t<\/dt><\/dl><dl class='gallery-item'>\n\t\t\t<dt class='gallery-icon landscape'>\n\t\t\t\t<a href='https:\/\/www.landscape-festival.cz\/old\/wp-content\/uploads\/2016\/07\/DSCN0792.jpg'><img loading=\"lazy\" decoding=\"async\" width=\"150\" height=\"150\" src=\"https:\/\/www.landscape-festival.cz\/old\/wp-content\/uploads\/2016\/07\/DSCN0792-150x150.jpg\" class=\"attachment-thumbnail size-thumbnail\" alt=\"\" \/><\/a>\n\t\t\t<\/dt><\/dl><dl class='gallery-item'>\n\t\t\t<dt class='gallery-icon landscape'>\n\t\t\t\t<a href='https:\/\/www.landscape-festival.cz\/old\/wp-content\/uploads\/2016\/07\/DSCN0774.jpg'><img loading=\"lazy\" decoding=\"async\" width=\"150\" height=\"150\" src=\"https:\/\/www.landscape-festival.cz\/old\/wp-content\/uploads\/2016\/07\/DSCN0774-150x150.jpg\" class=\"attachment-thumbnail size-thumbnail\" alt=\"\" aria-describedby=\"gallery-2-3531\" \/><\/a>\n\t\t\t<\/dt>\n\t\t\t\t<dd class='wp-caption-text gallery-caption' id='gallery-2-3531'>\n\t\t\t\tHradeck\u00fd Slunovrat\n\t\t\t\t<\/dd><\/dl><dl class='gallery-item'>\n\t\t\t<dt class='gallery-icon landscape'>\n\t\t\t\t<a href='https:\/\/www.landscape-festival.cz\/old\/wp-content\/uploads\/2016\/07\/DSCN0813.jpg'><img loading=\"lazy\" decoding=\"async\" width=\"150\" height=\"150\" src=\"https:\/\/www.landscape-festival.cz\/old\/wp-content\/uploads\/2016\/07\/DSCN0813-150x150.jpg\" class=\"attachment-thumbnail size-thumbnail\" alt=\"\" aria-describedby=\"gallery-2-3530\" \/><\/a>\n\t\t\t<\/dt>\n\t\t\t\t<dd class='wp-caption-text gallery-caption' id='gallery-2-3530'>\n\t\t\t\tHradeck\u00fd Slunovrat\n\t\t\t\t<\/dd><\/dl><br style=\"clear: both\" \/>\n\t\t<\/div>\n\n<hr \/>\n","protected":false},"excerpt":{"rendered":"<p>10\/6 \u2014 30\/6 25\/6\u00a0komentovan\u00e1 prohl\u00eddka n\u00e1dvo\u0159\u00ed z\u00e1mku Hradec nad Moravic\u00ed SOU\u010cASN\u00c1 UM\u011aLECK\u00c1 D\u00cdLA V KRAJIN\u011a V\u00fdstava o sou\u010dasn\u00fdch um\u011bleck\u00fdch d\u00edlech v krajin\u011b, p\u0159ipraven\u00e1 socha\u0159kou, geologem a histori\u010dkou um\u011bn\u00ed. Fotografie z 25\/6\/2016.<\/p>\n","protected":false},"author":3,"featured_media":3534,"comment_status":"closed","ping_status":"closed","sticky":false,"template":"","format":"standard","meta":{"footnotes":""},"categories":[32],"tags":[],"class_list":["post-3516","post","type-post","status-publish","format-standard","has-post-thumbnail","hentry","category-fotogalerie",""],"_links":{"self":[{"href":"http:\/\/www.landscape-festival.cz\/old\/wp-json\/wp\/v2\/posts\/3516","targetHints":{"allow":["GET"]}}],"collection":[{"href":"http:\/\/www.landscape-festival.cz\/old\/wp-json\/wp\/v2\/posts"}],"about":[{"href":"http:\/\/www.landscape-festival.cz\/old\/wp-json\/wp\/v2\/types\/post"}],"author":[{"embeddable":true,"href":"http:\/\/www.landscape-festival.cz\/old\/wp-json\/wp\/v2\/users\/3"}],"replies":[{"embeddable":true,"href":"http:\/\/www.landscape-festival.cz\/old\/wp-json\/wp\/v2\/comments?post=3516"}],"version-history":[{"count":3,"href":"http:\/\/www.landscape-festival.cz\/old\/wp-json\/wp\/v2\/posts\/3516\/revisions"}],"predecessor-version":[{"id":3602,"href":"http:\/\/www.landscape-festival.cz\/old\/wp-json\/wp\/v2\/posts\/3516\/revisions\/3602"}],"wp:featuredmedia":[{"embeddable":true,"href":"http:\/\/www.landscape-festival.cz\/old\/wp-json\/wp\/v2\/media\/3534"}],"wp:attachment":[{"href":"http:\/\/www.landscape-festival.cz\/old\/wp-json\/wp\/v2\/media?parent=3516"}],"wp:term":[{"taxonomy":"category","embeddable":true,"href":"http:\/\/www.landscape-festival.cz\/old\/wp-json\/wp\/v2\/categories?post=3516"},{"taxonomy":"post_tag","embeddable":true,"href":"http:\/\/www.landscape-festival.cz\/old\/wp-json\/wp\/v2\/tags?post=3516"}],"curies":[{"name":"wp","href":"https:\/\/api.w.org\/{rel}","templated":true}]}}