{"id":2763,"date":"2016-06-01T14:14:40","date_gmt":"2016-06-01T12:14:40","guid":{"rendered":"http:\/\/landscape-festival.cz\/?p=2763"},"modified":"2016-11-23T18:42:48","modified_gmt":"2016-11-23T16:42:48","slug":"gottfrei-vernisaz","status":"publish","type":"post","link":"http:\/\/www.landscape-festival.cz\/old\/gottfrei-vernisaz\/","title":{"rendered":"V\u00fdstavy Galerie Gottfrei"},"content":{"rendered":"<h5><strong>28\/5 \u2014 30\/6 v\u00fdstavy<\/strong><br \/>\n28\/5 od 19:00\u00a0vernis\u00e1\u017e<br \/>\nGalerie Gottfrei<\/h5>\n<hr \/>\n<h5><strong>M\u00cdSTO PRO SOCHU<\/strong><\/h5>\n<p>M\u011bstsk\u00fd reklamn\u00ed sloup jako v\u00fdzva k um\u011bleck\u00e9mu z\u00e1sahu. N\u00e1pad pracuje s reklamn\u00edm sloupem jako v\u00fdchoz\u00edm bodem pro um\u011bleckou intervenci, kde figuruje jeho prostorov\u00e1 konstelace na exponovan\u00e9m m\u00edst\u011b p\u0159ed historick\u00fdm obchodn\u00edm domem Breda &amp; Weinstein a p\u0159edpoklad, \u017ee sloup slou\u017e\u00edc\u00ed inzerci a reklam\u011b by mohl b\u00fdt p\u0159em\u011bn\u011bn na sokl pro sochu.<\/p>\n\n\t\t<style type=\"text\/css\">\n\t\t\t#gallery-1 {\n\t\t\t\tmargin: auto;\n\t\t\t}\n\t\t\t#gallery-1 .gallery-item {\n\t\t\t\tfloat: left;\n\t\t\t\tmargin-top: 10px;\n\t\t\t\ttext-align: center;\n\t\t\t\twidth: 20%;\n\t\t\t}\n\t\t\t#gallery-1 img {\n\t\t\t\tborder: 2px solid #cfcfcf;\n\t\t\t}\n\t\t\t#gallery-1 .gallery-caption {\n\t\t\t\tmargin-left: 0;\n\t\t\t}\n\t\t\t\/* see gallery_shortcode() in wp-includes\/media.php *\/\n\t\t<\/style>\n\t\t<div id='gallery-1' class='gallery galleryid-2763 gallery-columns-5 gallery-size-thumbnail'><dl class='gallery-item'>\n\t\t\t<dt class='gallery-icon landscape'>\n\t\t\t\t<a href='https:\/\/www.landscape-festival.cz\/old\/wp-content\/uploads\/2016\/06\/13317043_10208688351953759_2812854468066340677_o.jpg'><img loading=\"lazy\" decoding=\"async\" width=\"150\" height=\"150\" src=\"https:\/\/www.landscape-festival.cz\/old\/wp-content\/uploads\/2016\/06\/13317043_10208688351953759_2812854468066340677_o-150x150.jpg\" class=\"attachment-thumbnail size-thumbnail\" alt=\"\" \/><\/a>\n\t\t\t<\/dt><\/dl><dl class='gallery-item'>\n\t\t\t<dt class='gallery-icon landscape'>\n\t\t\t\t<a href='https:\/\/www.landscape-festival.cz\/old\/wp-content\/uploads\/2016\/06\/13308223_10208688193669802_6226084244159106457_o.jpg'><img loading=\"lazy\" decoding=\"async\" width=\"150\" height=\"150\" src=\"https:\/\/www.landscape-festival.cz\/old\/wp-content\/uploads\/2016\/06\/13308223_10208688193669802_6226084244159106457_o-150x150.jpg\" class=\"attachment-thumbnail size-thumbnail\" alt=\"\" \/><\/a>\n\t\t\t<\/dt><\/dl><dl class='gallery-item'>\n\t\t\t<dt class='gallery-icon landscape'>\n\t\t\t\t<a href='https:\/\/www.landscape-festival.cz\/old\/wp-content\/uploads\/2016\/06\/13268050_10208688368714178_4147487090247684251_o.jpg'><img loading=\"lazy\" decoding=\"async\" width=\"150\" height=\"150\" src=\"https:\/\/www.landscape-festival.cz\/old\/wp-content\/uploads\/2016\/06\/13268050_10208688368714178_4147487090247684251_o-150x150.jpg\" class=\"attachment-thumbnail size-thumbnail\" alt=\"\" \/><\/a>\n\t\t\t<\/dt><\/dl><dl class='gallery-item'>\n\t\t\t<dt class='gallery-icon portrait'>\n\t\t\t\t<a href='https:\/\/www.landscape-festival.cz\/old\/wp-content\/uploads\/2016\/06\/1-1.jpg'><img loading=\"lazy\" decoding=\"async\" width=\"150\" height=\"150\" src=\"https:\/\/www.landscape-festival.cz\/old\/wp-content\/uploads\/2016\/06\/1-1-150x150.jpg\" class=\"attachment-thumbnail size-thumbnail\" alt=\"\" \/><\/a>\n\t\t\t<\/dt><\/dl><dl class='gallery-item'>\n\t\t\t<dt class='gallery-icon portrait'>\n\t\t\t\t<a href='https:\/\/www.landscape-festival.cz\/old\/wp-content\/uploads\/2016\/06\/matous-lipus-1.jpg'><img loading=\"lazy\" decoding=\"async\" width=\"150\" height=\"150\" src=\"https:\/\/www.landscape-festival.cz\/old\/wp-content\/uploads\/2016\/06\/matous-lipus-1-150x150.jpg\" class=\"attachment-thumbnail size-thumbnail\" alt=\"\" \/><\/a>\n\t\t\t<\/dt><\/dl><br style=\"clear: both\" \/>\n\t\t<\/div>\n\n<hr \/>\n<h5><strong>ARTSCAPE NORWAY<\/strong><\/h5>\n<p>V\u00fdstava p\u0159edstav\u00ed um\u011bleck\u00e1 d\u00edla a drobnou architekturu, kter\u00e9 se staly sou\u010d\u00e1st\u00ed norsk\u00e9 krajiny a ve\u0159ejn\u00e9ho prostoru. Kontinu\u00e1ln\u00ed p\u00e9\u010de Norsk\u00e9ho kr\u00e1lovstv\u00ed o kulturn\u00ed krajinu a ve\u0159ejn\u00fd prostor prost\u0159ednictv\u00edm unik\u00e1tn\u00edch v\u00fdtvarn\u00fdch a architektonick\u00fdch po\u010din\u016f je specifikem, kter\u00e9 zkvalit\u0148uje \u017eivot m\u00edstn\u00edm komunit\u00e1m a fascinuje zahrani\u010dn\u00ed n\u00e1v\u0161t\u011bvn\u00edky.<\/p>\n\n\t\t<style type=\"text\/css\">\n\t\t\t#gallery-2 {\n\t\t\t\tmargin: auto;\n\t\t\t}\n\t\t\t#gallery-2 .gallery-item {\n\t\t\t\tfloat: left;\n\t\t\t\tmargin-top: 10px;\n\t\t\t\ttext-align: center;\n\t\t\t\twidth: 20%;\n\t\t\t}\n\t\t\t#gallery-2 img {\n\t\t\t\tborder: 2px solid #cfcfcf;\n\t\t\t}\n\t\t\t#gallery-2 .gallery-caption {\n\t\t\t\tmargin-left: 0;\n\t\t\t}\n\t\t\t\/* see gallery_shortcode() in wp-includes\/media.php *\/\n\t\t<\/style>\n\t\t<div id='gallery-2' class='gallery galleryid-2763 gallery-columns-5 gallery-size-thumbnail'><dl class='gallery-item'>\n\t\t\t<dt class='gallery-icon landscape'>\n\t\t\t\t<a href='https:\/\/www.landscape-festival.cz\/old\/wp-content\/uploads\/2016\/06\/slider_web-1.jpg'><img loading=\"lazy\" decoding=\"async\" width=\"150\" height=\"150\" src=\"https:\/\/www.landscape-festival.cz\/old\/wp-content\/uploads\/2016\/06\/slider_web-1-150x150.jpg\" class=\"attachment-thumbnail size-thumbnail\" alt=\"\" \/><\/a>\n\t\t\t<\/dt><\/dl><dl class='gallery-item'>\n\t\t\t<dt class='gallery-icon landscape'>\n\t\t\t\t<a href='https:\/\/www.landscape-festival.cz\/old\/wp-content\/uploads\/2016\/06\/9_Selvika-photo-C-Jiri-Havran-slider.jpg'><img loading=\"lazy\" decoding=\"async\" width=\"150\" height=\"150\" src=\"https:\/\/www.landscape-festival.cz\/old\/wp-content\/uploads\/2016\/06\/9_Selvika-photo-C-Jiri-Havran-slider-150x150.jpg\" class=\"attachment-thumbnail size-thumbnail\" alt=\"\" \/><\/a>\n\t\t\t<\/dt><\/dl><dl class='gallery-item'>\n\t\t\t<dt class='gallery-icon landscape'>\n\t\t\t\t<a href='https:\/\/www.landscape-festival.cz\/old\/wp-content\/uploads\/2016\/06\/N\u00e1rodn\u00ed-turistick\u00e9-trasy-Hereiane-01-\u00a9Ji\u0159\u00ed-Havran_cr.jpg'><img loading=\"lazy\" decoding=\"async\" width=\"150\" height=\"150\" src=\"https:\/\/www.landscape-festival.cz\/old\/wp-content\/uploads\/2016\/06\/N\u00e1rodn\u00ed-turistick\u00e9-trasy-Hereiane-01-\u00a9Ji\u0159\u00ed-Havran_cr-150x150.jpg\" class=\"attachment-thumbnail size-thumbnail\" alt=\"\" \/><\/a>\n\t\t\t<\/dt><\/dl><dl class='gallery-item'>\n\t\t\t<dt class='gallery-icon landscape'>\n\t\t\t\t<a href='https:\/\/www.landscape-festival.cz\/old\/wp-content\/uploads\/2016\/06\/N\u00e1rodn\u00ed-turistick\u00e9-trasy-Svandalsfossen-01-\u00a9Ji\u0159\u00ed-Havran_cr.jpg'><img loading=\"lazy\" decoding=\"async\" width=\"150\" height=\"150\" src=\"https:\/\/www.landscape-festival.cz\/old\/wp-content\/uploads\/2016\/06\/N\u00e1rodn\u00ed-turistick\u00e9-trasy-Svandalsfossen-01-\u00a9Ji\u0159\u00ed-Havran_cr-150x150.jpg\" class=\"attachment-thumbnail size-thumbnail\" alt=\"\" \/><\/a>\n\t\t\t<\/dt><\/dl><dl class='gallery-item'>\n\t\t\t<dt class='gallery-icon landscape'>\n\t\t\t\t<a href='https:\/\/www.landscape-festival.cz\/old\/wp-content\/uploads\/2016\/06\/N\u00e1rodn\u00ed-turistick\u00e9-trasy-Torvdalshalsen-01-\u00a9Ji\u0159\u00ed-Havran_cr.jpg'><img loading=\"lazy\" decoding=\"async\" width=\"150\" height=\"150\" src=\"https:\/\/www.landscape-festival.cz\/old\/wp-content\/uploads\/2016\/06\/N\u00e1rodn\u00ed-turistick\u00e9-trasy-Torvdalshalsen-01-\u00a9Ji\u0159\u00ed-Havran_cr-150x150.jpg\" class=\"attachment-thumbnail size-thumbnail\" alt=\"\" \/><\/a>\n\t\t\t<\/dt><\/dl><br style=\"clear: both\" \/>\n\t\t<\/div>\n\n<hr \/>\n<h5>Fotografie z vernis\u00e1\u017ee 28\/5\/2016.<\/h5>\n\n\t\t<style type=\"text\/css\">\n\t\t\t#gallery-3 {\n\t\t\t\tmargin: auto;\n\t\t\t}\n\t\t\t#gallery-3 .gallery-item {\n\t\t\t\tfloat: left;\n\t\t\t\tmargin-top: 10px;\n\t\t\t\ttext-align: center;\n\t\t\t\twidth: 20%;\n\t\t\t}\n\t\t\t#gallery-3 img {\n\t\t\t\tborder: 2px solid #cfcfcf;\n\t\t\t}\n\t\t\t#gallery-3 .gallery-caption {\n\t\t\t\tmargin-left: 0;\n\t\t\t}\n\t\t\t\/* see gallery_shortcode() in wp-includes\/media.php *\/\n\t\t<\/style>\n\t\t<div id='gallery-3' class='gallery galleryid-2763 gallery-columns-5 gallery-size-thumbnail'><dl class='gallery-item'>\n\t\t\t<dt class='gallery-icon portrait'>\n\t\t\t\t<a href='https:\/\/www.landscape-festival.cz\/old\/wp-content\/uploads\/2016\/06\/P1420244.jpg'><img loading=\"lazy\" decoding=\"async\" width=\"150\" height=\"150\" src=\"https:\/\/www.landscape-festival.cz\/old\/wp-content\/uploads\/2016\/06\/P1420244-150x150.jpg\" class=\"attachment-thumbnail size-thumbnail\" alt=\"\" \/><\/a>\n\t\t\t<\/dt><\/dl><dl class='gallery-item'>\n\t\t\t<dt class='gallery-icon portrait'>\n\t\t\t\t<a href='https:\/\/www.landscape-festival.cz\/old\/wp-content\/uploads\/2016\/06\/P1420245.jpg'><img loading=\"lazy\" decoding=\"async\" width=\"150\" height=\"150\" src=\"https:\/\/www.landscape-festival.cz\/old\/wp-content\/uploads\/2016\/06\/P1420245-150x150.jpg\" class=\"attachment-thumbnail size-thumbnail\" alt=\"\" \/><\/a>\n\t\t\t<\/dt><\/dl><dl class='gallery-item'>\n\t\t\t<dt class='gallery-icon landscape'>\n\t\t\t\t<a href='https:\/\/www.landscape-festival.cz\/old\/wp-content\/uploads\/2016\/06\/P1420233.jpg'><img loading=\"lazy\" decoding=\"async\" width=\"150\" height=\"150\" src=\"https:\/\/www.landscape-festival.cz\/old\/wp-content\/uploads\/2016\/06\/P1420233-150x150.jpg\" class=\"attachment-thumbnail size-thumbnail\" alt=\"\" \/><\/a>\n\t\t\t<\/dt><\/dl><dl class='gallery-item'>\n\t\t\t<dt class='gallery-icon landscape'>\n\t\t\t\t<a href='https:\/\/www.landscape-festival.cz\/old\/wp-content\/uploads\/2016\/06\/P1420258.jpg'><img loading=\"lazy\" decoding=\"async\" width=\"150\" height=\"150\" src=\"https:\/\/www.landscape-festival.cz\/old\/wp-content\/uploads\/2016\/06\/P1420258-150x150.jpg\" class=\"attachment-thumbnail size-thumbnail\" alt=\"\" \/><\/a>\n\t\t\t<\/dt><\/dl><dl class='gallery-item'>\n\t\t\t<dt class='gallery-icon portrait'>\n\t\t\t\t<a href='https:\/\/www.landscape-festival.cz\/old\/wp-content\/uploads\/2016\/06\/P1420270.jpg'><img loading=\"lazy\" decoding=\"async\" width=\"150\" height=\"150\" src=\"https:\/\/www.landscape-festival.cz\/old\/wp-content\/uploads\/2016\/06\/P1420270-150x150.jpg\" class=\"attachment-thumbnail size-thumbnail\" alt=\"\" \/><\/a>\n\t\t\t<\/dt><\/dl><br style=\"clear: both\" \/><dl class='gallery-item'>\n\t\t\t<dt class='gallery-icon portrait'>\n\t\t\t\t<a href='https:\/\/www.landscape-festival.cz\/old\/wp-content\/uploads\/2016\/06\/P1420286.jpg'><img loading=\"lazy\" decoding=\"async\" width=\"150\" height=\"150\" src=\"https:\/\/www.landscape-festival.cz\/old\/wp-content\/uploads\/2016\/06\/P1420286-150x150.jpg\" class=\"attachment-thumbnail size-thumbnail\" alt=\"\" \/><\/a>\n\t\t\t<\/dt><\/dl><dl class='gallery-item'>\n\t\t\t<dt class='gallery-icon landscape'>\n\t\t\t\t<a href='https:\/\/www.landscape-festival.cz\/old\/wp-content\/uploads\/2016\/06\/P1420281.jpg'><img loading=\"lazy\" decoding=\"async\" width=\"150\" height=\"150\" src=\"https:\/\/www.landscape-festival.cz\/old\/wp-content\/uploads\/2016\/06\/P1420281-150x150.jpg\" class=\"attachment-thumbnail size-thumbnail\" alt=\"\" \/><\/a>\n\t\t\t<\/dt><\/dl><dl class='gallery-item'>\n\t\t\t<dt class='gallery-icon portrait'>\n\t\t\t\t<a href='https:\/\/www.landscape-festival.cz\/old\/wp-content\/uploads\/2016\/06\/P1420304.jpg'><img loading=\"lazy\" decoding=\"async\" width=\"150\" height=\"150\" src=\"https:\/\/www.landscape-festival.cz\/old\/wp-content\/uploads\/2016\/06\/P1420304-150x150.jpg\" class=\"attachment-thumbnail size-thumbnail\" alt=\"\" \/><\/a>\n\t\t\t<\/dt><\/dl><dl class='gallery-item'>\n\t\t\t<dt class='gallery-icon portrait'>\n\t\t\t\t<a href='https:\/\/www.landscape-festival.cz\/old\/wp-content\/uploads\/2016\/06\/P1420214.jpg'><img loading=\"lazy\" decoding=\"async\" width=\"150\" height=\"150\" src=\"https:\/\/www.landscape-festival.cz\/old\/wp-content\/uploads\/2016\/06\/P1420214-150x150.jpg\" class=\"attachment-thumbnail size-thumbnail\" alt=\"\" aria-describedby=\"gallery-3-2758\" \/><\/a>\n\t\t\t<\/dt>\n\t\t\t\t<dd class='wp-caption-text gallery-caption' id='gallery-3-2758'>\n\t\t\t\tArtscape Norway\n\t\t\t\t<\/dd><\/dl><dl class='gallery-item'>\n\t\t\t<dt class='gallery-icon landscape'>\n\t\t\t\t<a href='https:\/\/www.landscape-festival.cz\/old\/wp-content\/uploads\/2016\/06\/P1420289.jpg'><img loading=\"lazy\" decoding=\"async\" width=\"150\" height=\"150\" src=\"https:\/\/www.landscape-festival.cz\/old\/wp-content\/uploads\/2016\/06\/P1420289-150x150.jpg\" class=\"attachment-thumbnail size-thumbnail\" alt=\"\" \/><\/a>\n\t\t\t<\/dt><\/dl><br style=\"clear: both\" \/><dl class='gallery-item'>\n\t\t\t<dt class='gallery-icon portrait'>\n\t\t\t\t<a href='https:\/\/www.landscape-festival.cz\/old\/wp-content\/uploads\/2016\/06\/P1420211.jpg'><img loading=\"lazy\" decoding=\"async\" width=\"150\" height=\"150\" src=\"https:\/\/www.landscape-festival.cz\/old\/wp-content\/uploads\/2016\/06\/P1420211-150x150.jpg\" class=\"attachment-thumbnail size-thumbnail\" alt=\"\" aria-describedby=\"gallery-3-2757\" \/><\/a>\n\t\t\t<\/dt>\n\t\t\t\t<dd class='wp-caption-text gallery-caption' id='gallery-3-2757'>\n\t\t\t\tArtscape Norway\n\t\t\t\t<\/dd><\/dl><dl class='gallery-item'>\n\t\t\t<dt class='gallery-icon landscape'>\n\t\t\t\t<a href='https:\/\/www.landscape-festival.cz\/old\/wp-content\/uploads\/2016\/06\/P1420192.jpg'><img loading=\"lazy\" decoding=\"async\" width=\"150\" height=\"150\" src=\"https:\/\/www.landscape-festival.cz\/old\/wp-content\/uploads\/2016\/06\/P1420192-150x150.jpg\" class=\"attachment-thumbnail size-thumbnail\" alt=\"\" \/><\/a>\n\t\t\t<\/dt><\/dl><dl class='gallery-item'>\n\t\t\t<dt class='gallery-icon portrait'>\n\t\t\t\t<a href='https:\/\/www.landscape-festival.cz\/old\/wp-content\/uploads\/2016\/06\/P1420186.jpg'><img loading=\"lazy\" decoding=\"async\" width=\"150\" height=\"150\" src=\"https:\/\/www.landscape-festival.cz\/old\/wp-content\/uploads\/2016\/06\/P1420186-150x150.jpg\" class=\"attachment-thumbnail size-thumbnail\" alt=\"\" \/><\/a>\n\t\t\t<\/dt><\/dl><dl class='gallery-item'>\n\t\t\t<dt class='gallery-icon portrait'>\n\t\t\t\t<a href='https:\/\/www.landscape-festival.cz\/old\/wp-content\/uploads\/2016\/06\/P1420174.jpg'><img loading=\"lazy\" decoding=\"async\" width=\"150\" height=\"150\" src=\"https:\/\/www.landscape-festival.cz\/old\/wp-content\/uploads\/2016\/06\/P1420174-150x150.jpg\" class=\"attachment-thumbnail size-thumbnail\" alt=\"\" \/><\/a>\n\t\t\t<\/dt><\/dl><dl class='gallery-item'>\n\t\t\t<dt class='gallery-icon landscape'>\n\t\t\t\t<a href='https:\/\/www.landscape-festival.cz\/old\/wp-content\/uploads\/2016\/06\/P1420166.jpg'><img loading=\"lazy\" decoding=\"async\" width=\"150\" height=\"150\" src=\"https:\/\/www.landscape-festival.cz\/old\/wp-content\/uploads\/2016\/06\/P1420166-150x150.jpg\" class=\"attachment-thumbnail size-thumbnail\" alt=\"\" \/><\/a>\n\t\t\t<\/dt><\/dl><br style=\"clear: both\" \/><dl class='gallery-item'>\n\t\t\t<dt class='gallery-icon landscape'>\n\t\t\t\t<a href='https:\/\/www.landscape-festival.cz\/old\/wp-content\/uploads\/2016\/06\/P1420163.jpg'><img loading=\"lazy\" decoding=\"async\" width=\"150\" height=\"150\" src=\"https:\/\/www.landscape-festival.cz\/old\/wp-content\/uploads\/2016\/06\/P1420163-150x150.jpg\" class=\"attachment-thumbnail size-thumbnail\" alt=\"\" \/><\/a>\n\t\t\t<\/dt><\/dl><dl class='gallery-item'>\n\t\t\t<dt class='gallery-icon portrait'>\n\t\t\t\t<a href='https:\/\/www.landscape-festival.cz\/old\/wp-content\/uploads\/2016\/06\/lenka-matous.jpg'><img loading=\"lazy\" decoding=\"async\" width=\"150\" height=\"150\" src=\"https:\/\/www.landscape-festival.cz\/old\/wp-content\/uploads\/2016\/06\/lenka-matous-150x150.jpg\" class=\"attachment-thumbnail size-thumbnail\" alt=\"\" \/><\/a>\n\t\t\t<\/dt><\/dl><dl class='gallery-item'>\n\t\t\t<dt class='gallery-icon portrait'>\n\t\t\t\t<a href='https:\/\/www.landscape-festival.cz\/old\/wp-content\/uploads\/2016\/06\/lenka-matous-2.jpg'><img loading=\"lazy\" decoding=\"async\" width=\"150\" height=\"150\" src=\"https:\/\/www.landscape-festival.cz\/old\/wp-content\/uploads\/2016\/06\/lenka-matous-2-150x150.jpg\" class=\"attachment-thumbnail size-thumbnail\" alt=\"\" \/><\/a>\n\t\t\t<\/dt><\/dl><dl class='gallery-item'>\n\t\t\t<dt class='gallery-icon landscape'>\n\t\t\t\t<a href='https:\/\/www.landscape-festival.cz\/old\/wp-content\/uploads\/2016\/06\/gt-20.jpg'><img loading=\"lazy\" decoding=\"async\" width=\"150\" height=\"150\" src=\"https:\/\/www.landscape-festival.cz\/old\/wp-content\/uploads\/2016\/06\/gt-20-150x150.jpg\" class=\"attachment-thumbnail size-thumbnail\" alt=\"\" \/><\/a>\n\t\t\t<\/dt><\/dl><dl class='gallery-item'>\n\t\t\t<dt class='gallery-icon landscape'>\n\t\t\t\t<a href='https:\/\/www.landscape-festival.cz\/old\/wp-content\/uploads\/2016\/06\/gt-3.jpg'><img loading=\"lazy\" decoding=\"async\" width=\"150\" height=\"150\" src=\"https:\/\/www.landscape-festival.cz\/old\/wp-content\/uploads\/2016\/06\/gt-3-150x150.jpg\" class=\"attachment-thumbnail size-thumbnail\" alt=\"\" \/><\/a>\n\t\t\t<\/dt><\/dl><br style=\"clear: both\" \/><dl class='gallery-item'>\n\t\t\t<dt class='gallery-icon portrait'>\n\t\t\t\t<a href='https:\/\/www.landscape-festival.cz\/old\/wp-content\/uploads\/2016\/06\/go-verna.jpg'><img loading=\"lazy\" decoding=\"async\" width=\"150\" height=\"150\" src=\"https:\/\/www.landscape-festival.cz\/old\/wp-content\/uploads\/2016\/06\/go-verna-150x150.jpg\" class=\"attachment-thumbnail size-thumbnail\" alt=\"\" \/><\/a>\n\t\t\t<\/dt><\/dl><dl class='gallery-item'>\n\t\t\t<dt class='gallery-icon landscape'>\n\t\t\t\t<a href='https:\/\/www.landscape-festival.cz\/old\/wp-content\/uploads\/2016\/06\/artscape-7.jpg'><img loading=\"lazy\" decoding=\"async\" width=\"150\" height=\"150\" src=\"https:\/\/www.landscape-festival.cz\/old\/wp-content\/uploads\/2016\/06\/artscape-7-150x150.jpg\" class=\"attachment-thumbnail size-thumbnail\" alt=\"\" aria-describedby=\"gallery-3-2746\" \/><\/a>\n\t\t\t<\/dt>\n\t\t\t\t<dd class='wp-caption-text gallery-caption' id='gallery-3-2746'>\n\t\t\t\tArtscape Norway\n\t\t\t\t<\/dd><\/dl><dl class='gallery-item'>\n\t\t\t<dt class='gallery-icon landscape'>\n\t\t\t\t<a href='https:\/\/www.landscape-festival.cz\/old\/wp-content\/uploads\/2016\/06\/artscape-6.jpg'><img loading=\"lazy\" decoding=\"async\" width=\"150\" height=\"150\" src=\"https:\/\/www.landscape-festival.cz\/old\/wp-content\/uploads\/2016\/06\/artscape-6-150x150.jpg\" class=\"attachment-thumbnail size-thumbnail\" alt=\"\" aria-describedby=\"gallery-3-2745\" \/><\/a>\n\t\t\t<\/dt>\n\t\t\t\t<dd class='wp-caption-text gallery-caption' id='gallery-3-2745'>\n\t\t\t\tArtscape Norway\n\t\t\t\t<\/dd><\/dl><dl class='gallery-item'>\n\t\t\t<dt class='gallery-icon landscape'>\n\t\t\t\t<a href='https:\/\/www.landscape-festival.cz\/old\/wp-content\/uploads\/2016\/06\/artscape-5.jpg'><img loading=\"lazy\" decoding=\"async\" width=\"150\" height=\"150\" src=\"https:\/\/www.landscape-festival.cz\/old\/wp-content\/uploads\/2016\/06\/artscape-5-150x150.jpg\" class=\"attachment-thumbnail size-thumbnail\" alt=\"\" aria-describedby=\"gallery-3-2744\" \/><\/a>\n\t\t\t<\/dt>\n\t\t\t\t<dd class='wp-caption-text gallery-caption' id='gallery-3-2744'>\n\t\t\t\tArtscape Norway\n\t\t\t\t<\/dd><\/dl><dl class='gallery-item'>\n\t\t\t<dt class='gallery-icon landscape'>\n\t\t\t\t<a href='https:\/\/www.landscape-festival.cz\/old\/wp-content\/uploads\/2016\/06\/artscape-4.jpg'><img loading=\"lazy\" decoding=\"async\" width=\"150\" height=\"150\" src=\"https:\/\/www.landscape-festival.cz\/old\/wp-content\/uploads\/2016\/06\/artscape-4-150x150.jpg\" class=\"attachment-thumbnail size-thumbnail\" alt=\"\" \/><\/a>\n\t\t\t<\/dt><\/dl><br style=\"clear: both\" \/><dl class='gallery-item'>\n\t\t\t<dt class='gallery-icon landscape'>\n\t\t\t\t<a href='https:\/\/www.landscape-festival.cz\/old\/wp-content\/uploads\/2016\/06\/artscape-2.jpg'><img loading=\"lazy\" decoding=\"async\" width=\"150\" height=\"150\" src=\"https:\/\/www.landscape-festival.cz\/old\/wp-content\/uploads\/2016\/06\/artscape-2-150x150.jpg\" class=\"attachment-thumbnail size-thumbnail\" alt=\"\" aria-describedby=\"gallery-3-2742\" \/><\/a>\n\t\t\t<\/dt>\n\t\t\t\t<dd class='wp-caption-text gallery-caption' id='gallery-3-2742'>\n\t\t\t\tArtscape Norway\n\t\t\t\t<\/dd><\/dl><dl class='gallery-item'>\n\t\t\t<dt class='gallery-icon portrait'>\n\t\t\t\t<a href='https:\/\/www.landscape-festival.cz\/old\/wp-content\/uploads\/2016\/06\/artscape-1.jpg'><img loading=\"lazy\" decoding=\"async\" width=\"150\" height=\"150\" src=\"https:\/\/www.landscape-festival.cz\/old\/wp-content\/uploads\/2016\/06\/artscape-1-150x150.jpg\" class=\"attachment-thumbnail size-thumbnail\" alt=\"\" \/><\/a>\n\t\t\t<\/dt><\/dl><dl class='gallery-item'>\n\t\t\t<dt class='gallery-icon landscape'>\n\t\t\t\t<a href='https:\/\/www.landscape-festival.cz\/old\/wp-content\/uploads\/2016\/06\/arscape-8.jpg'><img loading=\"lazy\" decoding=\"async\" width=\"150\" height=\"150\" src=\"https:\/\/www.landscape-festival.cz\/old\/wp-content\/uploads\/2016\/06\/arscape-8-150x150.jpg\" class=\"attachment-thumbnail size-thumbnail\" alt=\"\" aria-describedby=\"gallery-3-2740\" \/><\/a>\n\t\t\t<\/dt>\n\t\t\t\t<dd class='wp-caption-text gallery-caption' id='gallery-3-2740'>\n\t\t\t\tArtscape Norway\n\t\t\t\t<\/dd><\/dl><dl class='gallery-item'>\n\t\t\t<dt class='gallery-icon landscape'>\n\t\t\t\t<a href='https:\/\/www.landscape-festival.cz\/old\/wp-content\/uploads\/2016\/06\/zvuk-2.jpg'><img loading=\"lazy\" decoding=\"async\" width=\"150\" height=\"150\" src=\"https:\/\/www.landscape-festival.cz\/old\/wp-content\/uploads\/2016\/06\/zvuk-2-150x150.jpg\" class=\"attachment-thumbnail size-thumbnail\" alt=\"\" \/><\/a>\n\t\t\t<\/dt><\/dl><dl class='gallery-item'>\n\t\t\t<dt class='gallery-icon portrait'>\n\t\t\t\t<a href='https:\/\/www.landscape-festival.cz\/old\/wp-content\/uploads\/2016\/06\/zvuk-1.jpg'><img loading=\"lazy\" decoding=\"async\" width=\"150\" height=\"150\" src=\"https:\/\/www.landscape-festival.cz\/old\/wp-content\/uploads\/2016\/06\/zvuk-1-150x150.jpg\" class=\"attachment-thumbnail size-thumbnail\" alt=\"\" \/><\/a>\n\t\t\t<\/dt><\/dl><br style=\"clear: both\" \/><dl class='gallery-item'>\n\t\t\t<dt class='gallery-icon landscape'>\n\t\t\t\t<a href='https:\/\/www.landscape-festival.cz\/old\/wp-content\/uploads\/2016\/06\/zahajeni-gt-2.jpg'><img loading=\"lazy\" decoding=\"async\" width=\"150\" height=\"150\" src=\"https:\/\/www.landscape-festival.cz\/old\/wp-content\/uploads\/2016\/06\/zahajeni-gt-2-150x150.jpg\" class=\"attachment-thumbnail size-thumbnail\" alt=\"\" \/><\/a>\n\t\t\t<\/dt><\/dl><dl class='gallery-item'>\n\t\t\t<dt class='gallery-icon landscape'>\n\t\t\t\t<a href='https:\/\/www.landscape-festival.cz\/old\/wp-content\/uploads\/2016\/06\/vlada-kurt.jpg'><img loading=\"lazy\" decoding=\"async\" width=\"150\" height=\"150\" src=\"https:\/\/www.landscape-festival.cz\/old\/wp-content\/uploads\/2016\/06\/vlada-kurt-150x150.jpg\" class=\"attachment-thumbnail size-thumbnail\" alt=\"\" \/><\/a>\n\t\t\t<\/dt><\/dl><dl class='gallery-item'>\n\t\t\t<dt class='gallery-icon landscape'>\n\t\t\t\t<a href='https:\/\/www.landscape-festival.cz\/old\/wp-content\/uploads\/2016\/06\/verna-gottfrei.jpg'><img loading=\"lazy\" decoding=\"async\" width=\"150\" height=\"150\" src=\"https:\/\/www.landscape-festival.cz\/old\/wp-content\/uploads\/2016\/06\/verna-gottfrei-150x150.jpg\" class=\"attachment-thumbnail size-thumbnail\" alt=\"\" \/><\/a>\n\t\t\t<\/dt><\/dl><dl class='gallery-item'>\n\t\t\t<dt class='gallery-icon portrait'>\n\t\t\t\t<a href='https:\/\/www.landscape-festival.cz\/old\/wp-content\/uploads\/2016\/06\/verna-gf-8.jpg'><img loading=\"lazy\" decoding=\"async\" width=\"150\" height=\"150\" src=\"https:\/\/www.landscape-festival.cz\/old\/wp-content\/uploads\/2016\/06\/verna-gf-8-150x150.jpg\" class=\"attachment-thumbnail size-thumbnail\" alt=\"\" aria-describedby=\"gallery-3-2734\" \/><\/a>\n\t\t\t<\/dt>\n\t\t\t\t<dd class='wp-caption-text gallery-caption' id='gallery-3-2734'>\n\t\t\t\tArtscape Norway\n\t\t\t\t<\/dd><\/dl><dl class='gallery-item'>\n\t\t\t<dt class='gallery-icon landscape'>\n\t\t\t\t<a href='https:\/\/www.landscape-festival.cz\/old\/wp-content\/uploads\/2016\/06\/verna-gf-7.jpg'><img loading=\"lazy\" decoding=\"async\" width=\"150\" height=\"150\" src=\"https:\/\/www.landscape-festival.cz\/old\/wp-content\/uploads\/2016\/06\/verna-gf-7-150x150.jpg\" class=\"attachment-thumbnail size-thumbnail\" alt=\"\" aria-describedby=\"gallery-3-2733\" \/><\/a>\n\t\t\t<\/dt>\n\t\t\t\t<dd class='wp-caption-text gallery-caption' id='gallery-3-2733'>\n\t\t\t\tArtscape Norway\n\t\t\t\t<\/dd><\/dl><br style=\"clear: both\" \/><dl class='gallery-item'>\n\t\t\t<dt class='gallery-icon portrait'>\n\t\t\t\t<a href='https:\/\/www.landscape-festival.cz\/old\/wp-content\/uploads\/2016\/06\/verna-gf-6.jpg'><img loading=\"lazy\" decoding=\"async\" width=\"150\" height=\"150\" src=\"https:\/\/www.landscape-festival.cz\/old\/wp-content\/uploads\/2016\/06\/verna-gf-6-150x150.jpg\" class=\"attachment-thumbnail size-thumbnail\" alt=\"\" \/><\/a>\n\t\t\t<\/dt><\/dl><dl class='gallery-item'>\n\t\t\t<dt class='gallery-icon landscape'>\n\t\t\t\t<a href='https:\/\/www.landscape-festival.cz\/old\/wp-content\/uploads\/2016\/06\/verna-gf-5.jpg'><img loading=\"lazy\" decoding=\"async\" width=\"150\" height=\"150\" src=\"https:\/\/www.landscape-festival.cz\/old\/wp-content\/uploads\/2016\/06\/verna-gf-5-150x150.jpg\" class=\"attachment-thumbnail size-thumbnail\" alt=\"\" aria-describedby=\"gallery-3-2731\" \/><\/a>\n\t\t\t<\/dt>\n\t\t\t\t<dd class='wp-caption-text gallery-caption' id='gallery-3-2731'>\n\t\t\t\tArtscape Norway\n\t\t\t\t<\/dd><\/dl><dl class='gallery-item'>\n\t\t\t<dt class='gallery-icon landscape'>\n\t\t\t\t<a href='https:\/\/www.landscape-festival.cz\/old\/wp-content\/uploads\/2016\/06\/P1420559.jpg'><img loading=\"lazy\" decoding=\"async\" width=\"150\" height=\"150\" src=\"https:\/\/www.landscape-festival.cz\/old\/wp-content\/uploads\/2016\/06\/P1420559-150x150.jpg\" class=\"attachment-thumbnail size-thumbnail\" alt=\"\" aria-describedby=\"gallery-3-2730\" \/><\/a>\n\t\t\t<\/dt>\n\t\t\t\t<dd class='wp-caption-text gallery-caption' id='gallery-3-2730'>\n\t\t\t\tArtscape Norway\n\t\t\t\t<\/dd><\/dl><dl class='gallery-item'>\n\t\t\t<dt class='gallery-icon landscape'>\n\t\t\t\t<a href='https:\/\/www.landscape-festival.cz\/old\/wp-content\/uploads\/2016\/06\/P1420534.jpg'><img loading=\"lazy\" decoding=\"async\" width=\"150\" height=\"150\" src=\"https:\/\/www.landscape-festival.cz\/old\/wp-content\/uploads\/2016\/06\/P1420534-150x150.jpg\" class=\"attachment-thumbnail size-thumbnail\" alt=\"\" aria-describedby=\"gallery-3-2729\" \/><\/a>\n\t\t\t<\/dt>\n\t\t\t\t<dd class='wp-caption-text gallery-caption' id='gallery-3-2729'>\n\t\t\t\tArtscape Norway\n\t\t\t\t<\/dd><\/dl><dl class='gallery-item'>\n\t\t\t<dt class='gallery-icon portrait'>\n\t\t\t\t<a href='https:\/\/www.landscape-festival.cz\/old\/wp-content\/uploads\/2016\/06\/P1420413.jpg'><img loading=\"lazy\" decoding=\"async\" width=\"150\" height=\"150\" src=\"https:\/\/www.landscape-festival.cz\/old\/wp-content\/uploads\/2016\/06\/P1420413-150x150.jpg\" class=\"attachment-thumbnail size-thumbnail\" alt=\"\" \/><\/a>\n\t\t\t<\/dt><\/dl><br style=\"clear: both\" \/><dl class='gallery-item'>\n\t\t\t<dt class='gallery-icon landscape'>\n\t\t\t\t<a href='https:\/\/www.landscape-festival.cz\/old\/wp-content\/uploads\/2016\/06\/P1420379.jpg'><img loading=\"lazy\" decoding=\"async\" width=\"150\" height=\"150\" src=\"https:\/\/www.landscape-festival.cz\/old\/wp-content\/uploads\/2016\/06\/P1420379-150x150.jpg\" class=\"attachment-thumbnail size-thumbnail\" alt=\"\" \/><\/a>\n\t\t\t<\/dt><\/dl><dl class='gallery-item'>\n\t\t\t<dt class='gallery-icon portrait'>\n\t\t\t\t<a href='https:\/\/www.landscape-festival.cz\/old\/wp-content\/uploads\/2016\/06\/P1420349.jpg'><img loading=\"lazy\" decoding=\"async\" width=\"150\" height=\"150\" src=\"https:\/\/www.landscape-festival.cz\/old\/wp-content\/uploads\/2016\/06\/P1420349-150x150.jpg\" class=\"attachment-thumbnail size-thumbnail\" alt=\"\" \/><\/a>\n\t\t\t<\/dt><\/dl><dl class='gallery-item'>\n\t\t\t<dt class='gallery-icon landscape'>\n\t\t\t\t<a href='https:\/\/www.landscape-festival.cz\/old\/wp-content\/uploads\/2016\/06\/P1420313.jpg'><img loading=\"lazy\" decoding=\"async\" width=\"150\" height=\"150\" src=\"https:\/\/www.landscape-festival.cz\/old\/wp-content\/uploads\/2016\/06\/P1420313-150x150.jpg\" class=\"attachment-thumbnail size-thumbnail\" alt=\"\" \/><\/a>\n\t\t\t<\/dt><\/dl><dl class='gallery-item'>\n\t\t\t<dt class='gallery-icon landscape'>\n\t\t\t\t<a href='https:\/\/www.landscape-festival.cz\/old\/wp-content\/uploads\/2016\/06\/P1420295.jpg'><img loading=\"lazy\" decoding=\"async\" width=\"150\" height=\"150\" src=\"https:\/\/www.landscape-festival.cz\/old\/wp-content\/uploads\/2016\/06\/P1420295-150x150.jpg\" class=\"attachment-thumbnail size-thumbnail\" alt=\"\" \/><\/a>\n\t\t\t<\/dt><\/dl>\n\t\t\t<br style='clear: both' \/>\n\t\t<\/div>\n\n<hr \/>\n","protected":false},"excerpt":{"rendered":"<p>28\/5 \u2014 30\/6 v\u00fdstavy 28\/5 od 19:00\u00a0vernis\u00e1\u017e Galerie Gottfrei M\u00cdSTO PRO SOCHU M\u011bstsk\u00fd reklamn\u00ed sloup jako v\u00fdzva k um\u011bleck\u00e9mu z\u00e1sahu. N\u00e1pad pracuje s reklamn\u00edm sloupem jako v\u00fdchoz\u00edm bodem pro um\u011bleckou intervenci, kde figuruje jeho prostorov\u00e1 konstelace na exponovan\u00e9m m\u00edst\u011b p\u0159ed historick\u00fdm obchodn\u00edm domem Breda &amp; Weinstein a p\u0159edpoklad, \u017ee sloup slou\u017e\u00edc\u00ed inzerci a reklam\u011b by [&hellip;]<\/p>\n","protected":false},"author":2,"featured_media":3413,"comment_status":"closed","ping_status":"closed","sticky":false,"template":"","format":"standard","meta":{"footnotes":""},"categories":[32],"tags":[],"class_list":["post-2763","post","type-post","status-publish","format-standard","has-post-thumbnail","hentry","category-fotogalerie",""],"_links":{"self":[{"href":"http:\/\/www.landscape-festival.cz\/old\/wp-json\/wp\/v2\/posts\/2763","targetHints":{"allow":["GET"]}}],"collection":[{"href":"http:\/\/www.landscape-festival.cz\/old\/wp-json\/wp\/v2\/posts"}],"about":[{"href":"http:\/\/www.landscape-festival.cz\/old\/wp-json\/wp\/v2\/types\/post"}],"author":[{"embeddable":true,"href":"http:\/\/www.landscape-festival.cz\/old\/wp-json\/wp\/v2\/users\/2"}],"replies":[{"embeddable":true,"href":"http:\/\/www.landscape-festival.cz\/old\/wp-json\/wp\/v2\/comments?post=2763"}],"version-history":[{"count":8,"href":"http:\/\/www.landscape-festival.cz\/old\/wp-json\/wp\/v2\/posts\/2763\/revisions"}],"predecessor-version":[{"id":3598,"href":"http:\/\/www.landscape-festival.cz\/old\/wp-json\/wp\/v2\/posts\/2763\/revisions\/3598"}],"wp:featuredmedia":[{"embeddable":true,"href":"http:\/\/www.landscape-festival.cz\/old\/wp-json\/wp\/v2\/media\/3413"}],"wp:attachment":[{"href":"http:\/\/www.landscape-festival.cz\/old\/wp-json\/wp\/v2\/media?parent=2763"}],"wp:term":[{"taxonomy":"category","embeddable":true,"href":"http:\/\/www.landscape-festival.cz\/old\/wp-json\/wp\/v2\/categories?post=2763"},{"taxonomy":"post_tag","embeddable":true,"href":"http:\/\/www.landscape-festival.cz\/old\/wp-json\/wp\/v2\/tags?post=2763"}],"curies":[{"name":"wp","href":"https:\/\/api.w.org\/{rel}","templated":true}]}}